{"id":2585,"date":"2018-04-27T21:18:00","date_gmt":"2018-04-28T00:18:00","guid":{"rendered":"http:\/\/blogdoedvaldomagalhaes.com.br\/index.php\/2018\/04\/27\/prefeitura-de-caruaru-abre-selecao\/"},"modified":"2019-02-09T02:11:15","modified_gmt":"2019-02-09T04:11:15","slug":"prefeitura-de-caruaru-abre-selecao","status":"publish","type":"post","link":"https:\/\/blogdoedvaldomagalhaes.com.br\/index.php\/2018\/04\/27\/prefeitura-de-caruaru-abre-selecao\/","title":{"rendered":"Prefeitura de Caruaru abre Sele\u00e7\u00e3o P\u00fablica Simplificada na \u00e1rea da Educa\u00e7\u00e3o"},"content":{"rendered":"<div class=\"separator\" style=\"clear: both; text-align: center;\">\n<a href=\"https:\/\/3.bp.blogspot.com\/-xqCno2u1CXs\/WuOTe-Ft5LI\/AAAAAAAAveE\/pn67mrbgniYPcT7cl5Xg3piGkV9TPQhKgCLcBGAs\/s1600\/proc%255B.jpg\" imageanchor=\"1\" style=\"margin-left: 1em; margin-right: 1em;\"><img loading=\"lazy\" decoding=\"async\" border=\"0\" data-original-height=\"434\" data-original-width=\"624\" height=\"444\" src=\"http:\/\/blogdoedvaldomagalhaes.com.br\/wp-content\/uploads\/2018\/04\/proc5B.jpg\" width=\"640\" \/><\/a><\/div>\n<div style=\"background-color: white; border: 0px; color: #4b4b4b; margin-bottom: 1.5em; outline: 0px; padding: 0px; text-align: justify; vertical-align: baseline;\">\n<\/div>\n<div style=\"background-color: white; border: 0px; margin-bottom: 1.5em; outline: 0px; padding: 0px; text-align: justify; vertical-align: baseline;\">\nA Prefeitura Municipal de Caruaru deu in\u00edcio a mais uma sele\u00e7\u00e3o p\u00fablica simplificada, visando a contrata\u00e7\u00e3o tempor\u00e1ria de oito profissionais para as vagas de coordenador, educador social, assistente social, psic\u00f3logo e pedagogo. As atividades ser\u00e3o voltadas para o enfrentamento do trabalho infantil, inseridas no escopo do Projeto Fazendo Direito, financiado pela Funda\u00e7\u00e3o Ita\u00fa. As vagas ser\u00e3o direcionadas para a Secretaria de Desenvolvimento Social e Direitos Humanos.<\/div>\n<div style=\"background-color: white; border: 0px; margin-bottom: 1.5em; outline: 0px; padding: 0px; text-align: justify; vertical-align: baseline;\">\nA sele\u00e7\u00e3o ser\u00e1 realizada em tr\u00eas etapas: prova on-line, prova escrita e an\u00e1lise de t\u00edtulos. As inscri\u00e7\u00f5es v\u00e3o at\u00e9 o dia&nbsp;<a href=\"x-apple-data-detectors:\/\/1\" style=\"border: 0px; font-style: inherit; font-weight: inherit; margin: 0px; outline: 0px; padding: 0px; vertical-align: baseline;\"><u>4 de maio<\/u><\/a>&nbsp;e dever\u00e3o ser realizadas exclusivamente atrav\u00e9s do site&nbsp;<a href=\"http:\/\/selecoes.caruaru.pe.gov.br\/\" style=\"border: 0px; font-style: inherit; font-weight: inherit; margin: 0px; outline: 0px; padding: 0px; vertical-align: baseline;\"><u>selecoes.caruaru.pe.gov.br<\/u><\/a>. O resultado final ser homologado atrav\u00e9s de portaria conjunta, publicada no Di\u00e1rio Oficial do munic\u00edpio de Caruaru.<\/div>\n","protected":false},"excerpt":{"rendered":"<p>A Prefeitura Municipal de Caruaru deu in\u00edcio a mais uma sele\u00e7\u00e3o p\u00fablica simplificada, visando a contrata\u00e7\u00e3o tempor\u00e1ria de oito profissionais&hellip;<\/p>\n","protected":false},"author":1,"featured_media":0,"comment_status":"open","ping_status":"open","sticky":false,"template":"","format":"standard","meta":{"footnotes":""},"categories":[1],"tags":[2,1950,20,2827],"class_list":["post-2585","post","type-post","status-publish","format-standard","hentry","category-sem-categoria","tag-blog-do-edvaldo-magalhaes","tag-noticias-de-caruaru","tag-politica","tag-prefeitura-de-caruaru-abre-selecao-publica-simplificada-na-area-da-educacao"],"_links":{"self":[{"href":"https:\/\/blogdoedvaldomagalhaes.com.br\/index.php\/wp-json\/wp\/v2\/posts\/2585","targetHints":{"allow":["GET"]}}],"collection":[{"href":"https:\/\/blogdoedvaldomagalhaes.com.br\/index.php\/wp-json\/wp\/v2\/posts"}],"about":[{"href":"https:\/\/blogdoedvaldomagalhaes.com.br\/index.php\/wp-json\/wp\/v2\/types\/post"}],"author":[{"embeddable":true,"href":"https:\/\/blogdoedvaldomagalhaes.com.br\/index.php\/wp-json\/wp\/v2\/users\/1"}],"replies":[{"embeddable":true,"href":"https:\/\/blogdoedvaldomagalhaes.com.br\/index.php\/wp-json\/wp\/v2\/comments?post=2585"}],"version-history":[{"count":1,"href":"https:\/\/blogdoedvaldomagalhaes.com.br\/index.php\/wp-json\/wp\/v2\/posts\/2585\/revisions"}],"predecessor-version":[{"id":30229,"href":"https:\/\/blogdoedvaldomagalhaes.com.br\/index.php\/wp-json\/wp\/v2\/posts\/2585\/revisions\/30229"}],"wp:attachment":[{"href":"https:\/\/blogdoedvaldomagalhaes.com.br\/index.php\/wp-json\/wp\/v2\/media?parent=2585"}],"wp:term":[{"taxonomy":"category","embeddable":true,"href":"https:\/\/blogdoedvaldomagalhaes.com.br\/index.php\/wp-json\/wp\/v2\/categories?post=2585"},{"taxonomy":"post_tag","embeddable":true,"href":"https:\/\/blogdoedvaldomagalhaes.com.br\/index.php\/wp-json\/wp\/v2\/tags?post=2585"}],"curies":[{"name":"wp","href":"https:\/\/api.w.org\/{rel}","templated":true}]}}