{"id":2584,"date":"2018-04-27T21:25:00","date_gmt":"2018-04-28T00:25:00","guid":{"rendered":"http:\/\/blogdoedvaldomagalhaes.com.br\/index.php\/2018\/04\/27\/decretado-ponto-facultativo-na\/"},"modified":"2019-02-09T02:11:15","modified_gmt":"2019-02-09T04:11:15","slug":"decretado-ponto-facultativo-na","status":"publish","type":"post","link":"https:\/\/blogdoedvaldomagalhaes.com.br\/index.php\/2018\/04\/27\/decretado-ponto-facultativo-na\/","title":{"rendered":"Decretado Ponto Facultativo na Prefeitura de Caruaru segunda-feira (30)"},"content":{"rendered":"<div class=\"separator\" style=\"clear: both; text-align: center;\">\n<a href=\"https:\/\/2.bp.blogspot.com\/-emew2pgYhWI\/WuOVFEr_XBI\/AAAAAAAAveQ\/jXy24uycoyg-mpBT_UkEPQc7zU8lqZk0QCLcBGAs\/s1600\/pf.jpg\" imageanchor=\"1\" style=\"margin-left: 1em; margin-right: 1em;\"><img loading=\"lazy\" decoding=\"async\" border=\"0\" data-original-height=\"300\" data-original-width=\"451\" height=\"424\" src=\"http:\/\/blogdoedvaldomagalhaes.com.br\/wp-content\/uploads\/2018\/04\/pf-1.jpg\" width=\"640\" \/><\/a><\/div>\n<div>\n<\/div>\n<div>\nEm virtude do feriado do Dia do Trabalhador, 1\u00ba de maio, a Prefeitura de Caruaru informa que na segunda-feira (30), ser\u00e1 ponto facultativo, retornando \u00e0s atividades na quarta-feira (02).<\/div>\n<div>\n<\/div>\n<div>\n<b>Sa\u00fade:<\/b> USFs e Centros de Sa\u00fade estar\u00e3o fechados na segunda-feira (30) e reabrem na quarta-feira (02).<\/div>\n<div>\n<\/div>\n<div>\n<b>UPAS<\/b> ficam abertas 24h normalmente.&nbsp; &nbsp; &nbsp; &nbsp; &nbsp; &nbsp; &nbsp; &nbsp; &nbsp;&nbsp;<\/div>\n<div>\n<\/div>\n<div>\n<b>Hospitais e Samu<\/b> funcionam normalmente.<\/div>\n<div>\n<\/div>\n<div>\n<b>Servi\u00e7os P\u00fablicos:<\/b> Feira da sulanca funcionar\u00e1 normalmente.<\/div>\n<div>\n<\/div>\n<div>\nA <b>coleta domiciliar<\/b> ser\u00e1 normal na cidade.<\/div>\n<div>\n<\/div>\n<div>\n<b>Lazer:<\/b>&nbsp; No domingo (29), a ciclofaixa n\u00e3o vai funcionar em virtude do Jogo Central x Sergipe, no Est\u00e1dio Lacerd\u00e3o. Na ter\u00e7a-feira (01), avenida ser\u00e1 fechada.<\/div>\n<div>\n<\/div>\n<div>\nOs <b>parques ambientais<\/b> estar\u00e3o fechados na segunda-feira (30), para manuten\u00e7\u00e3o. Voltando a funcionar no feriado (01).<\/div>\n<div>\n<\/div>\n<div>\n<b>Centro Administrativo:<\/b> Volta a funcionar na quarta-feira (02).<\/div>\n<div>\n<\/div>\n<div>\n<b>Secretaria de Desenvolvimento Social e Direitos Humanos: <\/b>Servi\u00e7os de urg\u00eancia (como aux\u00edlio-funer\u00e1rio) funcionar\u00e3o normalmente.<\/div>\n<div>\n<\/div>\n<div>\n<b>Cultura: <\/b>Os museus da cidade estar\u00e3o funcionando normalmente no s\u00e1bado (28), e domingo (29), fechando na segunda-feira (30), para manuten\u00e7\u00e3o. Voltando a funcionar na quarta-feira (02).<\/div>\n<div>\n<\/div>\n<div>\n<b>Educa\u00e7\u00e3o:<\/b> As escolas e creches da rede municipal de ensino voltar\u00e3o a funcionar na pr\u00f3xima quarta-feira (02).<\/div>\n<div>\n<\/div>\n","protected":false},"excerpt":{"rendered":"<p>Em virtude do feriado do Dia do Trabalhador, 1\u00ba de maio, a Prefeitura de Caruaru informa que na segunda-feira (30),&hellip;<\/p>\n","protected":false},"author":1,"featured_media":0,"comment_status":"open","ping_status":"open","sticky":false,"template":"","format":"standard","meta":{"footnotes":""},"categories":[1],"tags":[2,2826,20],"class_list":["post-2584","post","type-post","status-publish","format-standard","hentry","category-sem-categoria","tag-blog-do-edvaldo-magalhaes","tag-decretado-ponto-facultativo-na-prefeitura-de-caruaru-segunda-feira-30","tag-politica"],"_links":{"self":[{"href":"https:\/\/blogdoedvaldomagalhaes.com.br\/index.php\/wp-json\/wp\/v2\/posts\/2584","targetHints":{"allow":["GET"]}}],"collection":[{"href":"https:\/\/blogdoedvaldomagalhaes.com.br\/index.php\/wp-json\/wp\/v2\/posts"}],"about":[{"href":"https:\/\/blogdoedvaldomagalhaes.com.br\/index.php\/wp-json\/wp\/v2\/types\/post"}],"author":[{"embeddable":true,"href":"https:\/\/blogdoedvaldomagalhaes.com.br\/index.php\/wp-json\/wp\/v2\/users\/1"}],"replies":[{"embeddable":true,"href":"https:\/\/blogdoedvaldomagalhaes.com.br\/index.php\/wp-json\/wp\/v2\/comments?post=2584"}],"version-history":[{"count":1,"href":"https:\/\/blogdoedvaldomagalhaes.com.br\/index.php\/wp-json\/wp\/v2\/posts\/2584\/revisions"}],"predecessor-version":[{"id":30231,"href":"https:\/\/blogdoedvaldomagalhaes.com.br\/index.php\/wp-json\/wp\/v2\/posts\/2584\/revisions\/30231"}],"wp:attachment":[{"href":"https:\/\/blogdoedvaldomagalhaes.com.br\/index.php\/wp-json\/wp\/v2\/media?parent=2584"}],"wp:term":[{"taxonomy":"category","embeddable":true,"href":"https:\/\/blogdoedvaldomagalhaes.com.br\/index.php\/wp-json\/wp\/v2\/categories?post=2584"},{"taxonomy":"post_tag","embeddable":true,"href":"https:\/\/blogdoedvaldomagalhaes.com.br\/index.php\/wp-json\/wp\/v2\/tags?post=2584"}],"curies":[{"name":"wp","href":"https:\/\/api.w.org\/{rel}","templated":true}]}}