{"id":2583,"date":"2018-04-27T22:04:00","date_gmt":"2018-04-28T01:04:00","guid":{"rendered":"http:\/\/blogdoedvaldomagalhaes.com.br\/index.php\/2018\/04\/27\/lula-torres-tem-apoio-de-8-vereadores\/"},"modified":"2019-02-09T02:11:16","modified_gmt":"2019-02-09T04:11:16","slug":"lula-torres-tem-apoio-de-8-vereadores","status":"publish","type":"post","link":"https:\/\/blogdoedvaldomagalhaes.com.br\/index.php\/2018\/04\/27\/lula-torres-tem-apoio-de-8-vereadores\/","title":{"rendered":"Lula Torres tem apoio de 8 vereadores na pr\u00e9-candidatura a deputado"},"content":{"rendered":"<div class=\"separator\" style=\"clear: both; text-align: center;\">\n<a href=\"https:\/\/3.bp.blogspot.com\/-lWWJhcVy8x4\/WuOdCktw3BI\/AAAAAAAAveg\/VEEu8n6R3uIb3NOusDhk9213q-t-ytjdgCLcBGAs\/s1600\/vladimir.jpg\" imageanchor=\"1\" style=\"margin-left: 1em; margin-right: 1em;\"><img loading=\"lazy\" decoding=\"async\" border=\"0\" data-original-height=\"465\" data-original-width=\"620\" height=\"480\" src=\"http:\/\/blogdoedvaldomagalhaes.com.br\/wp-content\/uploads\/2018\/04\/vladimir.jpg\" width=\"640\" \/><\/a><\/div>\n<div class=\"separator\" style=\"clear: both; text-align: center;\">\nFoto: Vladimir Barreto Rodrigues<\/div>\n<div style=\"text-align: justify;\">\n<\/div>\n<div style=\"text-align: justify;\">\n<b>Do Blog do Edmar Lira<\/b>&nbsp;<\/div>\n<div style=\"text-align: justify;\">\n<\/div>\n<div style=\"text-align: justify;\">\nEstadual&nbsp;\u2013 Em Caruaru, se d\u00e1 como certo que a prefeita Raquel Lyra (PSDB) n\u00e3o ir\u00e1 lan\u00e7ar o marido para deputado estadual em outubro, como chegou a se especular. Isso ati\u00e7ou a disputa entre aliados para ser o estadual apoiado pela gest\u00e3o municipal. O presidente da C\u00e2mara de Vereadores, Lula Torres, chegou a deixar o PDT e se filiar ao PSDB da prefeita, visando ser o candidato. Na cidade, se diz que esta mudan\u00e7a de partido gerou um estremecimento com Jos\u00e9 Queiroz (PDT).&nbsp;<\/p>\n<p>Lula Torres parte na frente da disputado com o apoio de oito vereadores a sua pr\u00e9-candidatura a deputado estadual, recebendo inclusive de parte da gest\u00e3o apoio, fortalecendo assim o seu nome.<\/p><\/div>\n","protected":false},"excerpt":{"rendered":"<p>Foto: Vladimir Barreto Rodrigues Do Blog do Edmar Lira&nbsp; Estadual&nbsp;\u2013 Em Caruaru, se d\u00e1 como certo que a prefeita Raquel&hellip;<\/p>\n","protected":false},"author":1,"featured_media":0,"comment_status":"open","ping_status":"open","sticky":false,"template":"","format":"standard","meta":{"footnotes":""},"categories":[1],"tags":[2,2825,20],"class_list":["post-2583","post","type-post","status-publish","format-standard","hentry","category-sem-categoria","tag-blog-do-edvaldo-magalhaes","tag-lula-torres-tem-apoio-de-8-vereadores-na-pre-candidatura-a-deputado","tag-politica"],"_links":{"self":[{"href":"https:\/\/blogdoedvaldomagalhaes.com.br\/index.php\/wp-json\/wp\/v2\/posts\/2583","targetHints":{"allow":["GET"]}}],"collection":[{"href":"https:\/\/blogdoedvaldomagalhaes.com.br\/index.php\/wp-json\/wp\/v2\/posts"}],"about":[{"href":"https:\/\/blogdoedvaldomagalhaes.com.br\/index.php\/wp-json\/wp\/v2\/types\/post"}],"author":[{"embeddable":true,"href":"https:\/\/blogdoedvaldomagalhaes.com.br\/index.php\/wp-json\/wp\/v2\/users\/1"}],"replies":[{"embeddable":true,"href":"https:\/\/blogdoedvaldomagalhaes.com.br\/index.php\/wp-json\/wp\/v2\/comments?post=2583"}],"version-history":[{"count":1,"href":"https:\/\/blogdoedvaldomagalhaes.com.br\/index.php\/wp-json\/wp\/v2\/posts\/2583\/revisions"}],"predecessor-version":[{"id":30233,"href":"https:\/\/blogdoedvaldomagalhaes.com.br\/index.php\/wp-json\/wp\/v2\/posts\/2583\/revisions\/30233"}],"wp:attachment":[{"href":"https:\/\/blogdoedvaldomagalhaes.com.br\/index.php\/wp-json\/wp\/v2\/media?parent=2583"}],"wp:term":[{"taxonomy":"category","embeddable":true,"href":"https:\/\/blogdoedvaldomagalhaes.com.br\/index.php\/wp-json\/wp\/v2\/categories?post=2583"},{"taxonomy":"post_tag","embeddable":true,"href":"https:\/\/blogdoedvaldomagalhaes.com.br\/index.php\/wp-json\/wp\/v2\/tags?post=2583"}],"curies":[{"name":"wp","href":"https:\/\/api.w.org\/{rel}","templated":true}]}}