{"id":2573,"date":"2018-04-30T00:18:00","date_gmt":"2018-04-30T03:18:00","guid":{"rendered":"http:\/\/blogdoedvaldomagalhaes.com.br\/index.php\/2018\/04\/30\/morre-proprietario-do-kiosc-brasi\/"},"modified":"2019-02-09T02:11:24","modified_gmt":"2019-02-09T04:11:24","slug":"morre-proprietario-do-kiosc-brasi","status":"publish","type":"post","link":"https:\/\/blogdoedvaldomagalhaes.com.br\/index.php\/2018\/04\/30\/morre-proprietario-do-kiosc-brasi\/","title":{"rendered":"Morre propriet\u00e1rio do Kiosc Brasil Juares Silva conhecido por Tim Maia Brasil"},"content":{"rendered":"<div class=\"separator\" style=\"clear: both; text-align: center;\">\n<a href=\"https:\/\/2.bp.blogspot.com\/-6S0F3KuyDwo\/WuZgQ4j-h4I\/AAAAAAAAvoY\/8r-VIgDgAOMLWXEOAeY9U4OymRIUa-sMACLcBGAs\/s1600\/tim.jpg\" imageanchor=\"1\" style=\"margin-left: 1em; margin-right: 1em;\"><img loading=\"lazy\" decoding=\"async\" border=\"0\" data-original-height=\"771\" data-original-width=\"720\" height=\"640\" src=\"http:\/\/blogdoedvaldomagalhaes.com.br\/wp-content\/uploads\/2018\/04\/tim.jpg\" width=\"592\" \/><\/a><\/div>\n<p><\/p>\n<div style=\"text-align: justify;\">\nFaleceu na noite deste domingo (29), v\u00edtima de um infarto, o propriet\u00e1rio do Kiosc Brasil e Bar da Charque, Juares Silva, que era chamado carinhosamente de Tim Maia Brasil. Ele era filiado ao Partido Republicano do Progressista &#8211; PRP. O vel\u00f3rio ocorre no Cemit\u00e9rio Parque dos Arcos, e o sepultamento ser\u00e1 \u00e0s 11h desta ter\u00e7a-feira (01), no citado Campo Santo.<\/p>\n<div class=\"_3x-2\" data-ft=\"{&quot;tn&quot;:&quot;H&quot;}\" style=\"background-color: white; color: #1d2129; font-family: Helvetica, Arial, sans-serif; font-size: 12px; text-align: start;\">\n<div data-ft=\"{&quot;tn&quot;:&quot;H&quot;}\" style=\"font-family: inherit;\">\n<div class=\"mtm\" style=\"font-family: inherit; margin-top: 10px;\">\n<div style=\"font-family: inherit; position: relative;\">\n<div class=\"_5cq3\" data-ft=\"{&quot;tn&quot;:&quot;E&quot;}\" style=\"font-family: inherit; position: relative;\">\n<a ajaxify=\"\/www.blognamiradanoticia.com.br\/photos\/a.1041610852623308.1073741828.1041500975967629\/1589923101125411\/?type=3&amp;size=960%2C540&amp;fbid=1589923101125411&amp;source=13&amp;player_origin=unknown\" class=\"_4-eo _2t9n\" data-ploi=\"https:\/\/scontent.frec3-1.fna.fbcdn.net\/v\/t1.0-9\/31543597_1589923104458744_5565937608824979456_n.jpg?_nc_cat=0&amp;oh=92ee8a5d1ff4eea83e160e3fb38f1672&amp;oe=5B58AFC8\" data-render-location=\"homepage_stream\" href=\"https:\/\/www.facebook.com\/www.blognamiradanoticia.com.br\/photos\/a.1041610852623308.1073741828.1041500975967629\/1589923101125411\/?type=3\" rel=\"theater\" style=\"box-shadow: rgba(0, 0, 0, 0.05) 0px 1px 1px; color: #365899; cursor: pointer; display: block; font-family: inherit; position: relative; text-decoration-line: none; width: 476px;\"><\/a><\/div>\n<\/div>\n<\/div>\n<\/div>\n<\/div>\n<div class=\"separator\" style=\"clear: both; text-align: center;\">\n<a href=\"https:\/\/2.bp.blogspot.com\/-U9EMrURTSzU\/WuZiORoZujI\/AAAAAAAAvok\/PC4TP2jCbKQ1YWIwtzaJ0r-FDVTBgjqIwCLcBGAs\/s1600\/kisoc.jpg\" imageanchor=\"1\" style=\"margin-left: 1em; margin-right: 1em;\"><img loading=\"lazy\" decoding=\"async\" border=\"0\" data-original-height=\"540\" data-original-width=\"960\" height=\"360\" src=\"http:\/\/blogdoedvaldomagalhaes.com.br\/wp-content\/uploads\/2018\/04\/kisoc.jpg\" width=\"640\" \/><\/a><\/div>\n<div style=\"margin-bottom: .0001pt; margin: 0cm; text-align: justify;\">\nFamiliares e Amigos escreveram no perfil dele no facebook:<\/p>\n<p><b>Ana Valqu\u00edria:<\/b> &#8220;Acabei de receber uma not\u00edcia muito triste acabo de falecer o dono do kiosk seu juares MEUS sentimentos \u00e1 todos familiares e principalmente \u00e0 sua esposa dona Maria qu\u00ea o senhor conforte seu cora\u00e7\u00e3o \ud83d\ude13\ud83d\ude13\ud83d\ude13&#8221;<\/p>\n<p>\n<b>Ot\u00e1vio Braz J\u00fanior:<\/b> &#8220;\u00c9 com muita tristeza que hoje recebi a not\u00edcia do falecimento do meu tio Juares Silva. Que Deus conforte sua esposa e filha e que fique em nossa mem\u00f3ria sua alegria constante&#8221;<\/p>\n<p><b>Jhenif Ana:<\/b> &#8220;A dor f\u00edsica voc\u00ea aprende conviver, j\u00e1 dor da perda nunca cicatriza, apenas aprende a conviver, mas sempre fica um vazio que nunca ser\u00e1 preenchido&#8221; &#8211; eterna saudade meu padrinho&#8221;<\/p>\n<p><b>Thatyana Veras: <\/b>&#8220;N\u00e3o existe palavras que consiga explicar a dor da perda,vai com Deus meu amigo querido,Juarez Juares Silva,que Deus te conceda toda luz e vou fazer sempre o melhor por meus alunos se n\u00e3o conseguir agradar a todos mais fa\u00e7o o possivel.e com ajuda de vcs vamos conseguir. sua fam\u00edlia que aqui ficou com o vazio da tua perda.&nbsp;<\/p>\n<p><b>Maria Socorro:<\/b> &#8220;Me sentido muito treste, perdemos um grande amigo,um talento incr\u00edvel, Juares Silva , descanse em paz, que Deus em sua infinita bondade te receba em seu reino celestial, meus p\u00easames a fam\u00edlia&#8221;<\/p>\n<p><b>Sivonaldo Gon\u00e7alves:<\/b> &#8220;Que not\u00edcia triste amigo vai com deus s\u00f3 lembran\u00e7as boas &#8230;&#8221;<\/p>\n<p><b>Marcone Nascimento:<\/b> &#8220;N\u00e3o to acreditando nisso n\u00e3o, vc me falou q vinha me visita aq em natal meu amigo, me deu tantos conselhos conversou tanto CMG e agora fico sabendo dessa not\u00edcia&#8221;<\/p>\n<p><b>Ren\u00ea Mel:<\/b> &#8220;Se h\u00e1 algum conforto na morte de algu\u00e9m que amamos, \u00e9 o de saber que a pessoa est\u00e1 indo pra um lugar onde n\u00e3o h\u00e1 tristeza, maldade e dor&#8221;<\/p>\n<p><b>Alexander Rocha:<\/b> &#8220;\u00c9 com tristeza que recebo essa not\u00edcia, a partida desse amigo de longas datas que foi o Juares Silva um companheiro que nos ajudou bastante dentro do prp Caruaru descanse em paz Tim Maia de Caruaru!&#8221;<\/p>\n<p><b>Hamilton Lopes:<\/b> Que final de domingo triste , Juares Silva se foi ,deixando amigos parentes e admiradores, vai com Deus amigo! \u00e9 mais um amigo da m\u00fasica q se vai.<\/p>\n<p><b>Anderson Silva: <\/b>&#8220;Quantas pessoas indo embora&#8230;&nbsp;Lembro bem do Amigo falando:&nbsp;&#8211; Galetinho, T\u00fa vai pra rua hoje?<\/p>\n<p>Rapaz, n\u00e3o sei quantos momentos divertidos foram, mas como certeza estes ser\u00e3o os que me far\u00e3o lembrar de tua Amizade!!!<\/p>\n<p>Uma pena que cumprisse tua miss\u00e3o t\u00e3o r\u00e1pido, agora&#8230; que Tudo seja Luz!!!<\/p>\n<p>Vai com Deus Juares Silva!!!<\/p>\n<p>\ud83d\ude14\ud83d\ude14\ud83d\ude14\ud83d\ude14\ud83d\ude14\ud83d\ude14\ud83d\ude14\ud83d\ude14\ud83d\ude14&#8221;\ud83d\ude14<\/p><\/div>\n<div style=\"margin-bottom: .0001pt; margin: 0cm; text-align: justify;\">\n<div style=\"text-align: justify;\">\n<div style=\"text-align: justify;\">\n<div class=\"text_exposed_show\" style=\"background-color: white; display: inline; text-align: start;\">\n<\/div>\n<\/div>\n<\/div>\n<div style=\"text-align: justify;\">\n<\/div>\n<\/div>\n<div class=\"MsoNormal\" style=\"text-align: justify;\">\n<div class=\"separator\" style=\"clear: both; text-align: center;\">\n<\/div>\n<div class=\"separator\" style=\"clear: both; text-align: center;\">\n<a href=\"https:\/\/4.bp.blogspot.com\/-dd2BlFYllsc\/WuZlPPNXUnI\/AAAAAAAAvow\/mPmXZ-Eo91wTxZo8cgy0sSmJpgoODhu_gCLcBGAs\/s1600\/ele.jpg\" imageanchor=\"1\" style=\"margin-left: 1em; margin-right: 1em;\"><img loading=\"lazy\" decoding=\"async\" border=\"0\" data-original-height=\"540\" data-original-width=\"960\" height=\"360\" src=\"http:\/\/blogdoedvaldomagalhaes.com.br\/wp-content\/uploads\/2018\/04\/ele-9.jpg\" width=\"640\" \/><\/a><\/div>\n<div class=\"separator\" style=\"clear: both; text-align: center;\">\n<\/div>\n<\/div>\n<\/div>\n","protected":false},"excerpt":{"rendered":"<p>Faleceu na noite deste domingo (29), v\u00edtima de um infarto, o propriet\u00e1rio do Kiosc Brasil e Bar da Charque, Juares&hellip;<\/p>\n","protected":false},"author":1,"featured_media":0,"comment_status":"open","ping_status":"open","sticky":false,"template":"","format":"standard","meta":{"footnotes":""},"categories":[1],"tags":[2,2811,6],"class_list":["post-2573","post","type-post","status-publish","format-standard","hentry","category-sem-categoria","tag-blog-do-edvaldo-magalhaes","tag-morre-proprietario-do-kiosc-brasil-juares-silva-conhecido-por-tim-maia-brasil","tag-noticias"],"_links":{"self":[{"href":"https:\/\/blogdoedvaldomagalhaes.com.br\/index.php\/wp-json\/wp\/v2\/posts\/2573","targetHints":{"allow":["GET"]}}],"collection":[{"href":"https:\/\/blogdoedvaldomagalhaes.com.br\/index.php\/wp-json\/wp\/v2\/posts"}],"about":[{"href":"https:\/\/blogdoedvaldomagalhaes.com.br\/index.php\/wp-json\/wp\/v2\/types\/post"}],"author":[{"embeddable":true,"href":"https:\/\/blogdoedvaldomagalhaes.com.br\/index.php\/wp-json\/wp\/v2\/users\/1"}],"replies":[{"embeddable":true,"href":"https:\/\/blogdoedvaldomagalhaes.com.br\/index.php\/wp-json\/wp\/v2\/comments?post=2573"}],"version-history":[{"count":1,"href":"https:\/\/blogdoedvaldomagalhaes.com.br\/index.php\/wp-json\/wp\/v2\/posts\/2573\/revisions"}],"predecessor-version":[{"id":30262,"href":"https:\/\/blogdoedvaldomagalhaes.com.br\/index.php\/wp-json\/wp\/v2\/posts\/2573\/revisions\/30262"}],"wp:attachment":[{"href":"https:\/\/blogdoedvaldomagalhaes.com.br\/index.php\/wp-json\/wp\/v2\/media?parent=2573"}],"wp:term":[{"taxonomy":"category","embeddable":true,"href":"https:\/\/blogdoedvaldomagalhaes.com.br\/index.php\/wp-json\/wp\/v2\/categories?post=2573"},{"taxonomy":"post_tag","embeddable":true,"href":"https:\/\/blogdoedvaldomagalhaes.com.br\/index.php\/wp-json\/wp\/v2\/tags?post=2573"}],"curies":[{"name":"wp","href":"https:\/\/api.w.org\/{rel}","templated":true}]}}