{"id":2572,"date":"2018-04-30T01:38:00","date_gmt":"2018-04-30T04:38:00","guid":{"rendered":"http:\/\/blogdoedvaldomagalhaes.com.br\/index.php\/2018\/04\/30\/caminhao-boiadeiro-tomba-e-deixa\/"},"modified":"2019-02-09T02:11:24","modified_gmt":"2019-02-09T04:11:24","slug":"caminhao-boiadeiro-tomba-e-deixa","status":"publish","type":"post","link":"https:\/\/blogdoedvaldomagalhaes.com.br\/index.php\/2018\/04\/30\/caminhao-boiadeiro-tomba-e-deixa\/","title":{"rendered":"Caminh\u00e3o boiadeiro tomba e deixa feridos na estrada entre Sum\u00e9 e Congo as v\u00edtimas s\u00e3o de Fazenda Nova"},"content":{"rendered":"<div class=\"separator\" style=\"clear: both; text-align: center;\">\n<a href=\"https:\/\/1.bp.blogspot.com\/-j5habomuodY\/WuZy9xj5XSI\/AAAAAAAAvpA\/p9jBVkc0NPsXJPZ5MMFjEIQ_j1pLLFi_gCLcBGAs\/s1600\/1.jpg\" imageanchor=\"1\" style=\"margin-left: 1em; margin-right: 1em;\"><img loading=\"lazy\" decoding=\"async\" border=\"0\" data-original-height=\"360\" data-original-width=\"640\" height=\"360\" src=\"http:\/\/blogdoedvaldomagalhaes.com.br\/wp-content\/uploads\/2018\/04\/1-19.jpg\" width=\"640\" \/><\/a><\/div>\n<p><\/p>\n<div style=\"background-color: white; box-sizing: border-box; margin-bottom: 10px; padding: 0px; text-align: justify; transition-duration: 0.5s;\">\nO grave acidente ocorreu no in\u00edcio da noite deste domingo (29) na estrada que liga Sum\u00e9 ao Congo, pr\u00f3ximo ao trevo que d\u00e1 acesso \u00e0 Camala\u00fa.<\/div>\n<div style=\"background-color: white; box-sizing: border-box; margin-bottom: 10px; padding: 0px; text-align: justify; transition-duration: 0.5s;\">\nUm caminh\u00e3o boiadeiro tombou e v\u00e1rias pessoas ficaram feridas. Segundo informa\u00e7\u00f5es, as pessoas estavam na parte de cima, junto com alguns animais, e havia mais gente na cabine do carro, todas de Fazenda Nova. O motorista \u00e9 conhecido como Novo, estavam com ele a esposa Iara, Duda Mel, Carolzinha, Sabrina, Sicleyton, Ana L\u00facia (que estava desacordada e foi levada para um hospital em Campina Grande-PB), e mais duas pessoas que ainda n\u00e3o foram identificadas.<\/div>\n<div style=\"background-color: white; box-sizing: border-box; margin-bottom: 10px; padding: 0px; text-align: justify; transition-duration: 0.5s;\">\n<\/div>\n<div class=\"separator\" style=\"clear: both; text-align: center;\">\n<a href=\"https:\/\/2.bp.blogspot.com\/-EhnYK1_4R_0\/WuZy-20Yl4I\/AAAAAAAAvpE\/XRBQLDx2us4q2WXBVRNTP1TMQe8Yzgc0ACLcBGAs\/s1600\/2.jpg\" imageanchor=\"1\" style=\"margin-left: 1em; margin-right: 1em;\"><img loading=\"lazy\" decoding=\"async\" border=\"0\" data-original-height=\"480\" data-original-width=\"640\" height=\"480\" src=\"http:\/\/blogdoedvaldomagalhaes.com.br\/wp-content\/uploads\/2018\/04\/2-15.jpg\" width=\"640\" \/><\/a><\/div>\n<p><\/p>\n<div style=\"background-color: white; box-sizing: border-box; margin-bottom: 10px; padding: 0px; text-align: justify; transition-duration: 0.5s;\">\nAs circunst\u00e2ncias do acidente ainda est\u00e3o sendo levantadas, mas o carro capotou, e h\u00e1 relato de pessoas em estado grave. Ambul\u00e2ncias de Sum\u00e9 e Monteiro foram socorrer os feridos que est\u00e3o foram encaminhados para o Hospital de Sum\u00e9.&nbsp;Eles vinham de uma pega de boi na cidade de Camala\u00fa.<\/div>\n<div class=\"separator\" style=\"clear: both; text-align: center;\">\n<a href=\"https:\/\/4.bp.blogspot.com\/-gkbnYHzQVfk\/WuZzAMbT06I\/AAAAAAAAvpI\/0XLtMfQ-tzM6YFDose_2Enys2_Kb7B9oQCLcBGAs\/s1600\/3.jpg\" imageanchor=\"1\" style=\"margin-left: 1em; margin-right: 1em;\"><img loading=\"lazy\" decoding=\"async\" border=\"0\" data-original-height=\"480\" data-original-width=\"640\" height=\"480\" src=\"http:\/\/blogdoedvaldomagalhaes.com.br\/wp-content\/uploads\/2018\/04\/3-11.jpg\" width=\"640\" \/><\/a><\/div>\n<p><\/p>\n<div class=\"separator\" style=\"clear: both; text-align: center;\">\n<a href=\"https:\/\/3.bp.blogspot.com\/-o85YlHf3GJI\/WuZzBEqqFVI\/AAAAAAAAvpM\/CDjKpY5prEQI8uP6AdPS3KfWYAZQMOjuQCLcBGAs\/s1600\/4.jpg\" imageanchor=\"1\" style=\"margin-left: 1em; margin-right: 1em;\"><img loading=\"lazy\" decoding=\"async\" border=\"0\" data-original-height=\"480\" data-original-width=\"640\" height=\"480\" src=\"http:\/\/blogdoedvaldomagalhaes.com.br\/wp-content\/uploads\/2018\/04\/4-9.jpg\" width=\"640\" \/><\/a><\/div>\n<p><\/p>\n","protected":false},"excerpt":{"rendered":"<p>O grave acidente ocorreu no in\u00edcio da noite deste domingo (29) na estrada que liga Sum\u00e9 ao Congo, pr\u00f3ximo ao&hellip;<\/p>\n","protected":false},"author":1,"featured_media":0,"comment_status":"open","ping_status":"open","sticky":false,"template":"","format":"standard","meta":{"footnotes":""},"categories":[1],"tags":[2,2810],"class_list":["post-2572","post","type-post","status-publish","format-standard","hentry","category-sem-categoria","tag-blog-do-edvaldo-magalhaes","tag-caminhao-boiadeiro-tomba-e-deixa-feridos-na-estrada-entre-sume-e-congo-as-vitimas-sao-de-fazenda-nova"],"_links":{"self":[{"href":"https:\/\/blogdoedvaldomagalhaes.com.br\/index.php\/wp-json\/wp\/v2\/posts\/2572","targetHints":{"allow":["GET"]}}],"collection":[{"href":"https:\/\/blogdoedvaldomagalhaes.com.br\/index.php\/wp-json\/wp\/v2\/posts"}],"about":[{"href":"https:\/\/blogdoedvaldomagalhaes.com.br\/index.php\/wp-json\/wp\/v2\/types\/post"}],"author":[{"embeddable":true,"href":"https:\/\/blogdoedvaldomagalhaes.com.br\/index.php\/wp-json\/wp\/v2\/users\/1"}],"replies":[{"embeddable":true,"href":"https:\/\/blogdoedvaldomagalhaes.com.br\/index.php\/wp-json\/wp\/v2\/comments?post=2572"}],"version-history":[{"count":1,"href":"https:\/\/blogdoedvaldomagalhaes.com.br\/index.php\/wp-json\/wp\/v2\/posts\/2572\/revisions"}],"predecessor-version":[{"id":30267,"href":"https:\/\/blogdoedvaldomagalhaes.com.br\/index.php\/wp-json\/wp\/v2\/posts\/2572\/revisions\/30267"}],"wp:attachment":[{"href":"https:\/\/blogdoedvaldomagalhaes.com.br\/index.php\/wp-json\/wp\/v2\/media?parent=2572"}],"wp:term":[{"taxonomy":"category","embeddable":true,"href":"https:\/\/blogdoedvaldomagalhaes.com.br\/index.php\/wp-json\/wp\/v2\/categories?post=2572"},{"taxonomy":"post_tag","embeddable":true,"href":"https:\/\/blogdoedvaldomagalhaes.com.br\/index.php\/wp-json\/wp\/v2\/tags?post=2572"}],"curies":[{"name":"wp","href":"https:\/\/api.w.org\/{rel}","templated":true}]}}