{"id":2571,"date":"2018-04-30T10:24:00","date_gmt":"2018-04-30T13:24:00","guid":{"rendered":"http:\/\/blogdoedvaldomagalhaes.com.br\/index.php\/2018\/04\/30\/terceiro-homicidio-do-domingo-e\/"},"modified":"2019-02-09T02:11:25","modified_gmt":"2019-02-09T04:11:25","slug":"terceiro-homicidio-do-domingo-e","status":"publish","type":"post","link":"https:\/\/blogdoedvaldomagalhaes.com.br\/index.php\/2018\/04\/30\/terceiro-homicidio-do-domingo-e\/","title":{"rendered":"Terceiro homic\u00eddio do domingo em Caruaru aconteceu na zona rural"},"content":{"rendered":"<div class=\"separator\" style=\"clear: both; text-align: center;\">\n<a href=\"https:\/\/3.bp.blogspot.com\/-xxY5E86O67g\/WubsmqMhMmI\/AAAAAAAAvqE\/EUrt1rrMiIsHGH_X-4ABj-x-LJ028_PhACLcBGAs\/s1600\/Pol%25C3%25ADcia.jpg\" imageanchor=\"1\" style=\"margin-left: 1em; margin-right: 1em;\"><img loading=\"lazy\" decoding=\"async\" border=\"0\" data-original-height=\"500\" data-original-width=\"888\" height=\"360\" src=\"http:\/\/blogdoedvaldomagalhaes.com.br\/wp-content\/uploads\/2018\/04\/PolC3ADcia.jpg\" width=\"640\" \/><\/a><\/div>\n<div style=\"text-align: justify;\">\n<\/div>\n<div style=\"text-align: justify;\">\nTr\u00eas homic\u00eddios foram registrados em Caruaru, nesse domingo (29), sendo um durante a madrugada em frente ao Parque de Vaquejada Sovaca, vitimando o mototaxista Jadeilson, conhecido por D\u00e1da, que residia na rua Saldanha da Gama. O segundo foi pela manh\u00e3, quando morreu o ex-presidi\u00e1rio Isa\u00edas Luiz da Silva Bezerra, de 27 anos, que morava em Santa Cruz do Capibaribe, e trocou tiros com a pol\u00edcia, no bairro Cidade Alta. E o terceiro&nbsp;homic\u00eddio ocorreu \u00e0 noite, no s\u00edtio Lagoa Ro\u00e7ada, na zona rural, quando a v\u00edtima que ainda n\u00e3o foi identificada foi abatida com quatro disparos de arma de fogo. Ao lado do corpo a pol\u00edcia encontrou uma motocicleta e um capacete. Os moradores disseram aos policiais que nunca viram a v\u00edtima na regi\u00e3o.<\/div>\n<div style=\"text-align: justify;\">\n<\/div>\n<div style=\"background-color: white; box-sizing: border-box; line-height: 24px; margin-bottom: 10px; text-align: justify;\">\nCom estes tr\u00eas homic\u00eddios, sobe para 21 o n\u00famero de pessoas assassinadas no m\u00eas de abril em Caruaru e para 67 neste ano de 2018.<\/div>\n","protected":false},"excerpt":{"rendered":"<p>Tr\u00eas homic\u00eddios foram registrados em Caruaru, nesse domingo (29), sendo um durante a madrugada em frente ao Parque de Vaquejada&hellip;<\/p>\n","protected":false},"author":1,"featured_media":0,"comment_status":"open","ping_status":"open","sticky":false,"template":"","format":"standard","meta":{"footnotes":""},"categories":[1],"tags":[2,1479,13,2809],"class_list":["post-2571","post","type-post","status-publish","format-standard","hentry","category-sem-categoria","tag-blog-do-edvaldo-magalhaes","tag-noticias-policiais","tag-policial","tag-terceiro-homicidio-do-domingo-em-caruaru-aconteceu-na-zona-rural"],"_links":{"self":[{"href":"https:\/\/blogdoedvaldomagalhaes.com.br\/index.php\/wp-json\/wp\/v2\/posts\/2571","targetHints":{"allow":["GET"]}}],"collection":[{"href":"https:\/\/blogdoedvaldomagalhaes.com.br\/index.php\/wp-json\/wp\/v2\/posts"}],"about":[{"href":"https:\/\/blogdoedvaldomagalhaes.com.br\/index.php\/wp-json\/wp\/v2\/types\/post"}],"author":[{"embeddable":true,"href":"https:\/\/blogdoedvaldomagalhaes.com.br\/index.php\/wp-json\/wp\/v2\/users\/1"}],"replies":[{"embeddable":true,"href":"https:\/\/blogdoedvaldomagalhaes.com.br\/index.php\/wp-json\/wp\/v2\/comments?post=2571"}],"version-history":[{"count":1,"href":"https:\/\/blogdoedvaldomagalhaes.com.br\/index.php\/wp-json\/wp\/v2\/posts\/2571\/revisions"}],"predecessor-version":[{"id":30269,"href":"https:\/\/blogdoedvaldomagalhaes.com.br\/index.php\/wp-json\/wp\/v2\/posts\/2571\/revisions\/30269"}],"wp:attachment":[{"href":"https:\/\/blogdoedvaldomagalhaes.com.br\/index.php\/wp-json\/wp\/v2\/media?parent=2571"}],"wp:term":[{"taxonomy":"category","embeddable":true,"href":"https:\/\/blogdoedvaldomagalhaes.com.br\/index.php\/wp-json\/wp\/v2\/categories?post=2571"},{"taxonomy":"post_tag","embeddable":true,"href":"https:\/\/blogdoedvaldomagalhaes.com.br\/index.php\/wp-json\/wp\/v2\/tags?post=2571"}],"curies":[{"name":"wp","href":"https:\/\/api.w.org\/{rel}","templated":true}]}}