{"id":2570,"date":"2018-04-30T10:26:00","date_gmt":"2018-04-30T13:26:00","guid":{"rendered":"http:\/\/blogdoedvaldomagalhaes.com.br\/index.php\/2018\/04\/30\/apac-alerta-para-chuvas-fortes-e\/"},"modified":"2019-02-09T02:11:25","modified_gmt":"2019-02-09T04:11:25","slug":"apac-alerta-para-chuvas-fortes-e","status":"publish","type":"post","link":"https:\/\/blogdoedvaldomagalhaes.com.br\/index.php\/2018\/04\/30\/apac-alerta-para-chuvas-fortes-e\/","title":{"rendered":"Apac alerta para chuvas fortes em Pernambuco nesta segunda-feira"},"content":{"rendered":"<div class=\"separator\" style=\"clear: both; text-align: center;\">\n<a href=\"https:\/\/4.bp.blogspot.com\/-t7Gyp7o_xZk\/WubvSJDtaxI\/AAAAAAAAvqQ\/hfKJkfsC5NwNshW4nxYi6DEzgmbe4c5iACLcBGAs\/s1600\/leno.jpg\" imageanchor=\"1\" style=\"margin-left: 1em; margin-right: 1em;\"><img loading=\"lazy\" decoding=\"async\" border=\"0\" data-original-height=\"169\" data-original-width=\"300\" height=\"358\" src=\"http:\/\/blogdoedvaldomagalhaes.com.br\/wp-content\/uploads\/2018\/04\/leno.jpg\" width=\"640\" \/><\/a><\/div>\n<div class=\"separator\" style=\"clear: both; text-align: center;\">\nFoto: Helenivaldo Pereira\/R\u00e1dioLiberdade<\/div>\n<div style=\"background-color: white; box-sizing: border-box; line-height: 24px; margin-bottom: 10px; text-align: justify;\">\n<\/div>\n<div style=\"background-color: white; box-sizing: border-box; line-height: 24px; margin-bottom: 10px; text-align: justify;\">\nA Ag\u00eancia Pernambucana de \u00c1guas e Clima (Apac) emitiu, na madrugada desta segunda-feira (30), alerta de chuvas com intensidade morada a forte na Regi\u00e3o Metropolitana do Recife, Zona da Mata e Agreste. No Sert\u00e3o, deve chover de forma isolada.<\/div>\n<div style=\"background-color: white; box-sizing: border-box; line-height: 24px; margin-bottom: 10px; text-align: justify;\">\nEm Caruaru, o dia come\u00e7ou com chuva e temperatura de 22\u00baC. Se houver alguma ocorr\u00eancia a orienta\u00e7\u00e3o da Defesa Civil \u00e9 que a popula\u00e7\u00e3o ligue para os telefones&nbsp;<strong style=\"box-sizing: border-box;\">118<\/strong>&nbsp;ou&nbsp;<strong style=\"box-sizing: border-box;\">199<\/strong>.<\/div>\n","protected":false},"excerpt":{"rendered":"<p>Foto: Helenivaldo Pereira\/R\u00e1dioLiberdade A Ag\u00eancia Pernambucana de \u00c1guas e Clima (Apac) emitiu, na madrugada desta segunda-feira (30), alerta de chuvas&hellip;<\/p>\n","protected":false},"author":1,"featured_media":0,"comment_status":"open","ping_status":"open","sticky":false,"template":"","format":"standard","meta":{"footnotes":""},"categories":[1],"tags":[2808,2,6],"class_list":["post-2570","post","type-post","status-publish","format-standard","hentry","category-sem-categoria","tag-apac-alerta-para-chuvas-fortes-em-pernambuco-nesta-segunda-feira","tag-blog-do-edvaldo-magalhaes","tag-noticias"],"_links":{"self":[{"href":"https:\/\/blogdoedvaldomagalhaes.com.br\/index.php\/wp-json\/wp\/v2\/posts\/2570","targetHints":{"allow":["GET"]}}],"collection":[{"href":"https:\/\/blogdoedvaldomagalhaes.com.br\/index.php\/wp-json\/wp\/v2\/posts"}],"about":[{"href":"https:\/\/blogdoedvaldomagalhaes.com.br\/index.php\/wp-json\/wp\/v2\/types\/post"}],"author":[{"embeddable":true,"href":"https:\/\/blogdoedvaldomagalhaes.com.br\/index.php\/wp-json\/wp\/v2\/users\/1"}],"replies":[{"embeddable":true,"href":"https:\/\/blogdoedvaldomagalhaes.com.br\/index.php\/wp-json\/wp\/v2\/comments?post=2570"}],"version-history":[{"count":1,"href":"https:\/\/blogdoedvaldomagalhaes.com.br\/index.php\/wp-json\/wp\/v2\/posts\/2570\/revisions"}],"predecessor-version":[{"id":30271,"href":"https:\/\/blogdoedvaldomagalhaes.com.br\/index.php\/wp-json\/wp\/v2\/posts\/2570\/revisions\/30271"}],"wp:attachment":[{"href":"https:\/\/blogdoedvaldomagalhaes.com.br\/index.php\/wp-json\/wp\/v2\/media?parent=2570"}],"wp:term":[{"taxonomy":"category","embeddable":true,"href":"https:\/\/blogdoedvaldomagalhaes.com.br\/index.php\/wp-json\/wp\/v2\/categories?post=2570"},{"taxonomy":"post_tag","embeddable":true,"href":"https:\/\/blogdoedvaldomagalhaes.com.br\/index.php\/wp-json\/wp\/v2\/tags?post=2570"}],"curies":[{"name":"wp","href":"https:\/\/api.w.org\/{rel}","templated":true}]}}