{"id":2547,"date":"2018-05-03T10:28:00","date_gmt":"2018-05-03T13:28:00","guid":{"rendered":"http:\/\/blogdoedvaldomagalhaes.com.br\/index.php\/2018\/05\/03\/plano-de-gerenciamento-de-residuos\/"},"modified":"2019-02-09T02:11:53","modified_gmt":"2019-02-09T04:11:53","slug":"plano-de-gerenciamento-de-residuos","status":"publish","type":"post","link":"https:\/\/blogdoedvaldomagalhaes.com.br\/index.php\/2018\/05\/03\/plano-de-gerenciamento-de-residuos\/","title":{"rendered":"Plano de Gerenciamento de Res\u00edduos S\u00f3lidos ser\u00e1 apresentado nesta quinta-feira na C\u00e2mara de Vereadores de Caruaru"},"content":{"rendered":"<div class=\"separator\" style=\"clear: both; text-align: center;\">\n<a href=\"https:\/\/1.bp.blogspot.com\/-qPsLljSCnOQ\/WurkIE_-g0I\/AAAAAAAAv8A\/V-9cNr-05nUsuOdX7zvL16HSCnU_CHKLACLcBGAs\/s1600\/val.jpg\" imageanchor=\"1\" style=\"margin-left: 1em; margin-right: 1em;\"><img loading=\"lazy\" decoding=\"async\" border=\"0\" data-original-height=\"280\" data-original-width=\"399\" height=\"450\" src=\"http:\/\/blogdoedvaldomagalhaes.com.br\/wp-content\/uploads\/2018\/05\/val.jpg\" width=\"640\" \/><\/a><\/div>\n<div class=\"separator\" style=\"clear: both; text-align: center;\">\nFoto: Vladimir Barreto Rodrigues<\/div>\n<div style=\"background-color: white; box-sizing: border-box; line-height: 24px; margin-bottom: 10px; text-align: justify;\">\n<\/div>\n<div style=\"background-color: white; box-sizing: border-box; line-height: 24px; margin-bottom: 10px; text-align: justify;\">\nA atualiza\u00e7\u00e3o do Plano de Gerenciamento de Res\u00edduos S\u00f3lidos do munic\u00edpio de Caruaru, incluindo o Plano de Saneamento B\u00e1sico Setorial para a Limpeza Urbana e o Manejo dos Res\u00edduos S\u00f3lidos, ser\u00e1 apresentada em audi\u00eancia P\u00fablica, na C\u00e2mara de Vereadores, nesta quinta-feira (03), a partir das 9h.<\/div>\n<div style=\"background-color: white; box-sizing: border-box; line-height: 24px; margin-bottom: 10px; text-align: justify;\">\nO Plano de Saneamento B\u00e1sico Setorial para a Limpeza Urbana e o Manejo dos Res\u00edduos S\u00f3lidos, que est\u00e3o inseridos no contexto de Lei Federal, estabelece as diretrizes nacionais para o saneamento b\u00e1sico. Estes planos devem ser atualizados, devido necessidade da elabora\u00e7\u00e3o de um diagn\u00f3stico da situa\u00e7\u00e3o atual da presta\u00e7\u00e3o dos servi\u00e7os de saneamento b\u00e1sico, para a limpeza urbana e o manejo dos res\u00edduos s\u00f3lido pelo munic\u00edpio de Caruaru.<\/div>\n<div style=\"background-color: white; box-sizing: border-box; line-height: 24px; margin-bottom: 10px; text-align: justify;\">\nO documento vai apresentar a situa\u00e7\u00e3o atual do lixo no munic\u00edpio, item fundamental para tomar decis\u00f5es no que se refere \u00e0s a\u00e7\u00f5es para gera\u00e7\u00e3o de emprego e renda; controle ambiental; melhor participa\u00e7\u00e3o da comunidade no gerenciamento dos res\u00edduos; participa\u00e7\u00e3o em conv\u00eanios, al\u00e9m da capta\u00e7\u00e3o de recursos junto aos Governos Federal e Estadual.<\/div>\n","protected":false},"excerpt":{"rendered":"<p>Foto: Vladimir Barreto Rodrigues A atualiza\u00e7\u00e3o do Plano de Gerenciamento de Res\u00edduos S\u00f3lidos do munic\u00edpio de Caruaru, incluindo o Plano&hellip;<\/p>\n","protected":false},"author":1,"featured_media":0,"comment_status":"open","ping_status":"open","sticky":false,"template":"","format":"standard","meta":{"footnotes":""},"categories":[1],"tags":[2,2779,20],"class_list":["post-2547","post","type-post","status-publish","format-standard","hentry","category-sem-categoria","tag-blog-do-edvaldo-magalhaes","tag-plano-de-gerenciamento-de-residuos-solidos-sera-apresentado-nesta-quinta-feira-na-camara-de-vereadores-de-caruaru","tag-politica"],"_links":{"self":[{"href":"https:\/\/blogdoedvaldomagalhaes.com.br\/index.php\/wp-json\/wp\/v2\/posts\/2547","targetHints":{"allow":["GET"]}}],"collection":[{"href":"https:\/\/blogdoedvaldomagalhaes.com.br\/index.php\/wp-json\/wp\/v2\/posts"}],"about":[{"href":"https:\/\/blogdoedvaldomagalhaes.com.br\/index.php\/wp-json\/wp\/v2\/types\/post"}],"author":[{"embeddable":true,"href":"https:\/\/blogdoedvaldomagalhaes.com.br\/index.php\/wp-json\/wp\/v2\/users\/1"}],"replies":[{"embeddable":true,"href":"https:\/\/blogdoedvaldomagalhaes.com.br\/index.php\/wp-json\/wp\/v2\/comments?post=2547"}],"version-history":[{"count":1,"href":"https:\/\/blogdoedvaldomagalhaes.com.br\/index.php\/wp-json\/wp\/v2\/posts\/2547\/revisions"}],"predecessor-version":[{"id":30358,"href":"https:\/\/blogdoedvaldomagalhaes.com.br\/index.php\/wp-json\/wp\/v2\/posts\/2547\/revisions\/30358"}],"wp:attachment":[{"href":"https:\/\/blogdoedvaldomagalhaes.com.br\/index.php\/wp-json\/wp\/v2\/media?parent=2547"}],"wp:term":[{"taxonomy":"category","embeddable":true,"href":"https:\/\/blogdoedvaldomagalhaes.com.br\/index.php\/wp-json\/wp\/v2\/categories?post=2547"},{"taxonomy":"post_tag","embeddable":true,"href":"https:\/\/blogdoedvaldomagalhaes.com.br\/index.php\/wp-json\/wp\/v2\/tags?post=2547"}],"curies":[{"name":"wp","href":"https:\/\/api.w.org\/{rel}","templated":true}]}}