{"id":2546,"date":"2018-05-03T10:29:00","date_gmt":"2018-05-03T13:29:00","guid":{"rendered":"http:\/\/blogdoedvaldomagalhaes.com.br\/index.php\/2018\/05\/03\/reeducandos-iniciam-trabalho-na-cidade\/"},"modified":"2019-02-09T02:11:53","modified_gmt":"2019-02-09T04:11:53","slug":"reeducandos-iniciam-trabalho-na-cidade","status":"publish","type":"post","link":"https:\/\/blogdoedvaldomagalhaes.com.br\/index.php\/2018\/05\/03\/reeducandos-iniciam-trabalho-na-cidade\/","title":{"rendered":"Reeducandos iniciam trabalho na cidade de Caruaru"},"content":{"rendered":"<div class=\"separator\" style=\"clear: both; text-align: center;\">\n<a href=\"https:\/\/4.bp.blogspot.com\/-mfY7jyS5lzs\/WurkjAU4nqI\/AAAAAAAAv8I\/wIN4gQMPkXoocUCHtu7CN-lPw6UjaSBnQCLcBGAs\/s1600\/ok.jpeg\" imageanchor=\"1\" style=\"margin-left: 1em; margin-right: 1em;\"><img loading=\"lazy\" decoding=\"async\" border=\"0\" data-original-height=\"375\" data-original-width=\"500\" height=\"480\" src=\"http:\/\/blogdoedvaldomagalhaes.com.br\/wp-content\/uploads\/2018\/05\/ok.jpeg\" width=\"640\" \/><\/a><\/div>\n<div style=\"background-color: white; box-sizing: border-box; line-height: 24px; margin-bottom: 10px; text-align: justify;\">\n<\/div>\n<div style=\"background-color: white; box-sizing: border-box; line-height: 24px; margin-bottom: 10px; text-align: justify;\">\nQuarenta e dois reeducandos do regime aberto e livramento condicional, atendidos pelo Patronato Penitenci\u00e1rio, come\u00e7aram a trabalhar nesta quarta-feira (02), em Caruaru. Eles v\u00e3o atuar nas Secretarias de Servi\u00e7os P\u00fablicos, na de Desenvolvimento Social e Direitos Humanos e na Destra.<\/p>\n<div class=\"separator\" style=\"clear: both; text-align: center;\">\n<a href=\"https:\/\/2.bp.blogspot.com\/-w_lGQGIN4NQ\/WurlGTCxpqI\/AAAAAAAAv8Q\/TU_TgXpAnJk8x7p1IP5o79ERp6qsFNuhgCLcBGAs\/s1600\/ele.jpeg\" imageanchor=\"1\" style=\"margin-left: 1em; margin-right: 1em;\"><img loading=\"lazy\" decoding=\"async\" border=\"0\" data-original-height=\"369\" data-original-width=\"656\" height=\"354\" src=\"http:\/\/blogdoedvaldomagalhaes.com.br\/wp-content\/uploads\/2018\/05\/ele.jpeg\" width=\"640\" \/><\/a><\/div>\n<p><\/div>\n<div style=\"background-color: white; box-sizing: border-box; line-height: 24px; margin-bottom: 10px; text-align: justify;\">\nSer\u00e3o realizados servi\u00e7os de capina\u00e7\u00e3o, varri\u00e7\u00e3o das ruas, pintura de meio fio e conserva\u00e7\u00e3o das pra\u00e7as; na Secretaria de Desenvolvimento Social, far\u00e3o servi\u00e7os de pedreiro, eletricista e encanador; e na Destra ajudar\u00e3o na \u00e1rea de limpeza da autarquia, servi\u00e7os gerais, al\u00e9m de trabalharem como motorista e auxiliarem na sinaliza\u00e7\u00e3o do tr\u00e2nsito nas ciclovias. Todos receberam capacita\u00e7\u00e3o na Asces-Unita.<\/p>\n<div class=\"separator\" style=\"clear: both; text-align: center;\">\n<a href=\"https:\/\/2.bp.blogspot.com\/-VA2ci5m3lB4\/WurlM6uLUAI\/AAAAAAAAv8U\/eLU2__8aWTYpDLJwh6KS4zA1GyS-Y3kkACLcBGAs\/s1600\/ela.jpeg\" imageanchor=\"1\" style=\"margin-left: 1em; margin-right: 1em;\"><img loading=\"lazy\" decoding=\"async\" border=\"0\" data-original-height=\"1166\" data-original-width=\"656\" height=\"640\" src=\"http:\/\/blogdoedvaldomagalhaes.com.br\/wp-content\/uploads\/2018\/05\/ela.jpeg\" width=\"354\" \/><\/a><\/div>\n<p><\/div>\n<div style=\"background-color: white; box-sizing: border-box; line-height: 24px; margin-bottom: 10px; text-align: justify;\">\nPelos servi\u00e7os cada um receber\u00e1 um sal\u00e1rio m\u00ednimo (954 reais), vale transporte e alimenta\u00e7\u00e3o. O conv\u00eanio de empregabilidade foi assinado pelo governo de Pernambuco, atrav\u00e9s da Secretaria de Justi\u00e7a e Direitos Humanos e Patronato Penitenci\u00e1rio com a Prefeitura de Caruaru.<\/div>\n","protected":false},"excerpt":{"rendered":"<p>Quarenta e dois reeducandos do regime aberto e livramento condicional, atendidos pelo Patronato Penitenci\u00e1rio, come\u00e7aram a trabalhar nesta quarta-feira (02),&hellip;<\/p>\n","protected":false},"author":1,"featured_media":0,"comment_status":"open","ping_status":"open","sticky":false,"template":"","format":"standard","meta":{"footnotes":""},"categories":[1],"tags":[2,6,2778,2107],"class_list":["post-2546","post","type-post","status-publish","format-standard","hentry","category-sem-categoria","tag-blog-do-edvaldo-magalhaes","tag-noticias","tag-reeducandos-iniciam-trabalho-na-cidade-de-caruaru","tag-ultimas-noticias-de-caruaru"],"_links":{"self":[{"href":"https:\/\/blogdoedvaldomagalhaes.com.br\/index.php\/wp-json\/wp\/v2\/posts\/2546","targetHints":{"allow":["GET"]}}],"collection":[{"href":"https:\/\/blogdoedvaldomagalhaes.com.br\/index.php\/wp-json\/wp\/v2\/posts"}],"about":[{"href":"https:\/\/blogdoedvaldomagalhaes.com.br\/index.php\/wp-json\/wp\/v2\/types\/post"}],"author":[{"embeddable":true,"href":"https:\/\/blogdoedvaldomagalhaes.com.br\/index.php\/wp-json\/wp\/v2\/users\/1"}],"replies":[{"embeddable":true,"href":"https:\/\/blogdoedvaldomagalhaes.com.br\/index.php\/wp-json\/wp\/v2\/comments?post=2546"}],"version-history":[{"count":1,"href":"https:\/\/blogdoedvaldomagalhaes.com.br\/index.php\/wp-json\/wp\/v2\/posts\/2546\/revisions"}],"predecessor-version":[{"id":30362,"href":"https:\/\/blogdoedvaldomagalhaes.com.br\/index.php\/wp-json\/wp\/v2\/posts\/2546\/revisions\/30362"}],"wp:attachment":[{"href":"https:\/\/blogdoedvaldomagalhaes.com.br\/index.php\/wp-json\/wp\/v2\/media?parent=2546"}],"wp:term":[{"taxonomy":"category","embeddable":true,"href":"https:\/\/blogdoedvaldomagalhaes.com.br\/index.php\/wp-json\/wp\/v2\/categories?post=2546"},{"taxonomy":"post_tag","embeddable":true,"href":"https:\/\/blogdoedvaldomagalhaes.com.br\/index.php\/wp-json\/wp\/v2\/tags?post=2546"}],"curies":[{"name":"wp","href":"https:\/\/api.w.org\/{rel}","templated":true}]}}