{"id":2545,"date":"2018-05-03T16:03:00","date_gmt":"2018-05-03T19:03:00","guid":{"rendered":"http:\/\/blogdoedvaldomagalhaes.com.br\/index.php\/2018\/05\/03\/homem-e-assassinado-tiros-no-bairro\/"},"modified":"2019-02-09T02:11:54","modified_gmt":"2019-02-09T04:11:54","slug":"homem-e-assassinado-tiros-no-bairro","status":"publish","type":"post","link":"https:\/\/blogdoedvaldomagalhaes.com.br\/index.php\/2018\/05\/03\/homem-e-assassinado-tiros-no-bairro\/","title":{"rendered":"Homem \u00e9 assassinado a tiros no bairro Jo\u00e3o Mota em Caruaru"},"content":{"rendered":"<div class=\"separator\" style=\"clear: both; text-align: center;\">\n<a href=\"https:\/\/1.bp.blogspot.com\/-Zv53fPrkRrQ\/WusyjQh2jnI\/AAAAAAAAv8w\/BL4oL1T47rc9HuXVKCVPAc8z4vUgEPz7gCLcBGAs\/s1600\/zap.jpg\" imageanchor=\"1\" style=\"margin-left: 1em; margin-right: 1em;\"><img loading=\"lazy\" decoding=\"async\" border=\"0\" data-original-height=\"214\" data-original-width=\"300\" height=\"456\" src=\"http:\/\/blogdoedvaldomagalhaes.com.br\/wp-content\/uploads\/2018\/05\/zap.jpg\" width=\"640\" \/><\/a><\/div>\n<div class=\"separator\" style=\"clear: both; text-align: center;\">\nFoto: WhatsApp\/Cortesia<\/div>\n<p><\/p>\n<div style=\"background-color: white; box-sizing: border-box; line-height: 24px; margin-bottom: 10px; text-align: justify;\">\nUm homic\u00eddio aconteceu no in\u00edcio da tarde desta quinta-feira (03), na rua La Paz, no bairro Jo\u00e3o Mota, em Caruaru, Agreste pernambucano. O mec\u00e2nico Genivaldo Nascimento de Lima, de 43 anos de idade, que morava no Loteamento Severino Afonso, foi assassinado a tiros.&nbsp;<\/p>\n<div class=\"separator\" style=\"clear: both; text-align: center;\">\n<a href=\"https:\/\/4.bp.blogspot.com\/-HcKdOjbLRTo\/WuuYZkUnG-I\/AAAAAAAAv-Y\/BBVwqP284RYOfzkknHZIia2TcPgcaw-IQCLcBGAs\/s1600\/ele.jpg\" imageanchor=\"1\" style=\"margin-left: 1em; margin-right: 1em;\"><img loading=\"lazy\" decoding=\"async\" border=\"0\" data-original-height=\"713\" data-original-width=\"720\" height=\"630\" src=\"http:\/\/blogdoedvaldomagalhaes.com.br\/wp-content\/uploads\/2018\/05\/ele-1.jpg\" width=\"640\" \/><\/a><\/div>\n<p><\/div>\n<div style=\"background-color: white; box-sizing: border-box; line-height: 24px; margin-bottom: 10px; text-align: justify;\">\nA pol\u00edcia j\u00e1 est\u00e1 no local. N\u00e3o h\u00e1 informa\u00e7\u00f5es sobre motiva\u00e7\u00e3o nem autoria. O corpo ser\u00e1 encaminhado para o Instituto de Medicina Legal (IML).<\/p>\n<p>Este 1\u00ba homic\u00eddio do m\u00eas de maio e 69\u00ba no ano em Caruaru.<\/p><\/div>\n","protected":false},"excerpt":{"rendered":"<p>Foto: WhatsApp\/Cortesia Um homic\u00eddio aconteceu no in\u00edcio da tarde desta quinta-feira (03), na rua La Paz, no bairro Jo\u00e3o Mota,&hellip;<\/p>\n","protected":false},"author":1,"featured_media":0,"comment_status":"open","ping_status":"open","sticky":false,"template":"","format":"standard","meta":{"footnotes":""},"categories":[1],"tags":[2,2777,13],"class_list":["post-2545","post","type-post","status-publish","format-standard","hentry","category-sem-categoria","tag-blog-do-edvaldo-magalhaes","tag-homem-e-assassinado-a-tiros-no-bairro-joao-mota-em-caruaru","tag-policial"],"_links":{"self":[{"href":"https:\/\/blogdoedvaldomagalhaes.com.br\/index.php\/wp-json\/wp\/v2\/posts\/2545","targetHints":{"allow":["GET"]}}],"collection":[{"href":"https:\/\/blogdoedvaldomagalhaes.com.br\/index.php\/wp-json\/wp\/v2\/posts"}],"about":[{"href":"https:\/\/blogdoedvaldomagalhaes.com.br\/index.php\/wp-json\/wp\/v2\/types\/post"}],"author":[{"embeddable":true,"href":"https:\/\/blogdoedvaldomagalhaes.com.br\/index.php\/wp-json\/wp\/v2\/users\/1"}],"replies":[{"embeddable":true,"href":"https:\/\/blogdoedvaldomagalhaes.com.br\/index.php\/wp-json\/wp\/v2\/comments?post=2545"}],"version-history":[{"count":1,"href":"https:\/\/blogdoedvaldomagalhaes.com.br\/index.php\/wp-json\/wp\/v2\/posts\/2545\/revisions"}],"predecessor-version":[{"id":30365,"href":"https:\/\/blogdoedvaldomagalhaes.com.br\/index.php\/wp-json\/wp\/v2\/posts\/2545\/revisions\/30365"}],"wp:attachment":[{"href":"https:\/\/blogdoedvaldomagalhaes.com.br\/index.php\/wp-json\/wp\/v2\/media?parent=2545"}],"wp:term":[{"taxonomy":"category","embeddable":true,"href":"https:\/\/blogdoedvaldomagalhaes.com.br\/index.php\/wp-json\/wp\/v2\/categories?post=2545"},{"taxonomy":"post_tag","embeddable":true,"href":"https:\/\/blogdoedvaldomagalhaes.com.br\/index.php\/wp-json\/wp\/v2\/tags?post=2545"}],"curies":[{"name":"wp","href":"https:\/\/api.w.org\/{rel}","templated":true}]}}