{"id":2544,"date":"2018-05-03T16:12:00","date_gmt":"2018-05-03T19:12:00","guid":{"rendered":"http:\/\/blogdoedvaldomagalhaes.com.br\/index.php\/2018\/05\/03\/comite-lanca-concurso-maio-amarelo-e\/"},"modified":"2019-02-09T02:11:54","modified_gmt":"2019-02-09T04:11:54","slug":"comite-lanca-concurso-maio-amarelo-e","status":"publish","type":"post","link":"https:\/\/blogdoedvaldomagalhaes.com.br\/index.php\/2018\/05\/03\/comite-lanca-concurso-maio-amarelo-e\/","title":{"rendered":"Comit\u00ea lan\u00e7a Concurso \u201cMaio Amarelo em Palavras\u201d para alunos da Rede Estadual e Privada"},"content":{"rendered":"<div class=\"separator\" style=\"clear: both; text-align: center;\">\n<a href=\"https:\/\/4.bp.blogspot.com\/-buYeKmg_9TQ\/Wus03z5tmZI\/AAAAAAAAv88\/XzCkSjz4FS8wAliLJT2bHPs3OEkchWj8ACLcBGAs\/s1600\/affie.jpg\" imageanchor=\"1\" style=\"margin-left: 1em; margin-right: 1em;\"><img loading=\"lazy\" decoding=\"async\" border=\"0\" data-original-height=\"733\" data-original-width=\"750\" height=\"624\" src=\"http:\/\/blogdoedvaldomagalhaes.com.br\/wp-content\/uploads\/2018\/05\/affie.jpg\" width=\"640\" \/><\/a><\/div>\n<div class=\"MsoNormal\" style=\"background: white; line-height: normal; margin-bottom: .0001pt; margin-bottom: 0cm; text-align: justify; text-indent: 35.4pt;\">\n<\/div>\n<div class=\"MsoNormal\" style=\"background: white; line-height: normal; margin-bottom: .0001pt; margin-bottom: 0cm; text-align: justify; text-indent: 35.4pt;\">\nO Comit\u00ea Maio Amarelo<br \/>\n2018 em Caruaru, formado pela&nbsp;TV Asa Branca, R\u00e1dios<br \/>\nLiberdade, SINDLOJA, DETRAN, LEI SECA, BIESP, PRF, 4\u00ba BPM, OAB, SEST-SENAT, GRE<br \/>\n(Ger\u00eancia Regional de Educa\u00e7\u00e3o), IV GERES, Capital do Agreste, UNINASSAU,<br \/>\nUNIFAVIP, ASCES, APODEC, SINDMOTO e Pedala PE lan\u00e7ou ontem, no SINDLOJA, de modo<br \/>\noficial, a programa\u00e7\u00e3o que vai at\u00e9 o dia 30 deste m\u00eas em alus\u00e3o ao Tr\u00e2nsito.<\/div>\n<div class=\"MsoNormal\" style=\"background: white; line-height: normal; margin-bottom: .0001pt; margin-bottom: 0cm; text-align: justify; text-indent: 35.4pt;\">\nO<br \/>\nGestor da GRE (Ger\u00eancia Regional de Educa\u00e7\u00e3o) em Caruaru, Fl\u00e1vio Silva,<br \/>\nexplanou e divulgou o Concurso de Reda\u00e7\u00e3o \u201cMaio Amarelo em Palavras\u201d que teve<br \/>\nseu Edital divulgado tamb\u00e9m ontem. O Concurso destina-se aos estudantes do<br \/>\nEnsino M\u00e9dio (1\u00ba, 2\u00ba e 3\u00ba anos) das Escolas P\u00fablicas e privadas das Cidades de<br \/>\nAgrestina, Altinho, Belo Jardim, Brejo da Madre de Deus, Cachoeirinha, Caruaru,<br \/>\nCupira, Ibirajuba, Jata\u00faba, Panelas, Riacho das Almas, Santa Cruz do<br \/>\nCapibaribe, S\u00e3o Caitano, Tacaimb\u00f3, Taquaritinga do Norte e Toritama.<\/div>\n<div class=\"MsoNormal\" style=\"background: white; line-height: normal; margin-bottom: .0001pt; margin-bottom: 0cm; text-align: justify; text-indent: 35.4pt;\">\nO<br \/>\nG\u00eanero textual ser\u00e1 dissertativo-argumentativo e versar\u00e1 sobre o tema: \u201cN\u00f3s<br \/>\nsomos o Tr\u00e2nsito\u201d, tem\u00e1tica do Maio Amarelo 2018 no Brasil. Qualquer aluno<br \/>\npoder\u00e1 se inscrever atrav\u00e9s de formul\u00e1rios de participa\u00e7\u00e3o que ser\u00e3o oferecidos<br \/>\nnas escolas. As escolas dever\u00e3o enviar as reda\u00e7\u00f5es \u00e0 GRE Agreste Centro Norte<br \/>\nat\u00e9 o dia 21 de Maio. O resultado final ser\u00e1 divulgado no Semin\u00e1rio de<br \/>\nEncerramento do Maio Amarelo em Caruaru, que ser\u00e1 realizado no dia 30 de Maio<br \/>\nno Audit\u00f3rio do SEST\/SENAT, que contar\u00e1 com a presen\u00e7a do Secret\u00e1rio Estadual<br \/>\ndas Cidades do Governo de Pernambuco, Francisco Papal\u00e9o. A agenda do Maio<br \/>\nAmarelo hoje ser\u00e1 na Escola T\u00e9cnica Estadual Ministro Fernando Lyra, com<br \/>\nPalestras Educativas pela manh\u00e3 e tarde.<\/div>\n<div class=\"MsoNormal\" style=\"text-align: justify;\">\n<\/div>\n","protected":false},"excerpt":{"rendered":"<p>O Comit\u00ea Maio Amarelo 2018 em Caruaru, formado pela&nbsp;TV Asa Branca, R\u00e1dios Liberdade, SINDLOJA, DETRAN, LEI SECA, BIESP, PRF, 4\u00ba&hellip;<\/p>\n","protected":false},"author":1,"featured_media":0,"comment_status":"open","ping_status":"open","sticky":false,"template":"","format":"standard","meta":{"footnotes":""},"categories":[1],"tags":[2,2776,6],"class_list":["post-2544","post","type-post","status-publish","format-standard","hentry","category-sem-categoria","tag-blog-do-edvaldo-magalhaes","tag-comite-lanca-concurso-maio-amarelo-em-palavras-para-alunos-da-rede-estadual-e-privada","tag-noticias"],"_links":{"self":[{"href":"https:\/\/blogdoedvaldomagalhaes.com.br\/index.php\/wp-json\/wp\/v2\/posts\/2544","targetHints":{"allow":["GET"]}}],"collection":[{"href":"https:\/\/blogdoedvaldomagalhaes.com.br\/index.php\/wp-json\/wp\/v2\/posts"}],"about":[{"href":"https:\/\/blogdoedvaldomagalhaes.com.br\/index.php\/wp-json\/wp\/v2\/types\/post"}],"author":[{"embeddable":true,"href":"https:\/\/blogdoedvaldomagalhaes.com.br\/index.php\/wp-json\/wp\/v2\/users\/1"}],"replies":[{"embeddable":true,"href":"https:\/\/blogdoedvaldomagalhaes.com.br\/index.php\/wp-json\/wp\/v2\/comments?post=2544"}],"version-history":[{"count":1,"href":"https:\/\/blogdoedvaldomagalhaes.com.br\/index.php\/wp-json\/wp\/v2\/posts\/2544\/revisions"}],"predecessor-version":[{"id":30367,"href":"https:\/\/blogdoedvaldomagalhaes.com.br\/index.php\/wp-json\/wp\/v2\/posts\/2544\/revisions\/30367"}],"wp:attachment":[{"href":"https:\/\/blogdoedvaldomagalhaes.com.br\/index.php\/wp-json\/wp\/v2\/media?parent=2544"}],"wp:term":[{"taxonomy":"category","embeddable":true,"href":"https:\/\/blogdoedvaldomagalhaes.com.br\/index.php\/wp-json\/wp\/v2\/categories?post=2544"},{"taxonomy":"post_tag","embeddable":true,"href":"https:\/\/blogdoedvaldomagalhaes.com.br\/index.php\/wp-json\/wp\/v2\/tags?post=2544"}],"curies":[{"name":"wp","href":"https:\/\/api.w.org\/{rel}","templated":true}]}}