{"id":2532,"date":"2018-05-04T20:11:00","date_gmt":"2018-05-04T23:11:00","guid":{"rendered":"http:\/\/blogdoedvaldomagalhaes.com.br\/index.php\/2018\/05\/04\/liberado-o-primeiro-pontilhao-do-cana\/"},"modified":"2019-02-09T02:12:02","modified_gmt":"2019-02-09T04:12:02","slug":"liberado-o-primeiro-pontilhao-do-cana","status":"publish","type":"post","link":"https:\/\/blogdoedvaldomagalhaes.com.br\/index.php\/2018\/05\/04\/liberado-o-primeiro-pontilhao-do-cana\/","title":{"rendered":"Liberado o primeiro pontilh\u00e3o do Canal dos Moc\u00f3s em Caruaru"},"content":{"rendered":"<div class=\"separator\" style=\"clear: both; text-align: center;\">\n<a href=\"https:\/\/4.bp.blogspot.com\/-UyAakMo25zg\/Wuy-PZi1uWI\/AAAAAAAAwBQ\/C5Q_CB8yWEwOE2FWY-R979qjAT_qjC3BACLcBGAs\/s1600\/seurb.jpeg\" imageanchor=\"1\" style=\"margin-left: 1em; margin-right: 1em;\"><img loading=\"lazy\" decoding=\"async\" border=\"0\" data-original-height=\"225\" data-original-width=\"300\" height=\"480\" src=\"http:\/\/blogdoedvaldomagalhaes.com.br\/wp-content\/uploads\/2018\/05\/seurb.jpeg\" width=\"640\" \/><\/a><\/div>\n<div class=\"separator\" style=\"clear: both; text-align: center;\">\nFoto: Seurb\/Divulga\u00e7\u00e3o<\/div>\n<div class=\"separator\" style=\"clear: both; text-align: center;\">\n<\/div>\n<div style=\"background-color: white; box-sizing: border-box; line-height: 24px; margin-bottom: 10px; text-align: justify;\">\nLiberado na manh\u00e3 desta sexta-feira (04) o primeiro pontilh\u00e3o da obra do Canal dos Moc\u00f3s, na Rua Ribeir\u00e3o com a Rua Manoel de Abreu, bairro Caiuc\u00e1. Ele estava aguardando o processo de secagem do concreto e substitui\u00e7\u00e3o de um poste para ser liberado para passagem de ve\u00edculos.<\/div>\n<div style=\"background-color: white; box-sizing: border-box; line-height: 24px; margin-bottom: 10px; text-align: justify;\">\nAs execu\u00e7\u00f5es do Canal dos Moc\u00f3s compreendem desde a Avenida Le\u00e3o Dourado (Caiuc\u00e1) at\u00e9 a Avenida Caruaru (Boa Vista), passando ainda pelos bairros Jo\u00e3o Mota, Kennedy, Panorama e Afonsinho.&nbsp;&nbsp;O prazo para t\u00e9rmino de toda obra est\u00e1 previsto para o primeiro semestre de 2019.<\/div>\n<div style=\"background-color: white; box-sizing: border-box; line-height: 24px; margin-bottom: 10px; text-align: justify;\">\nAl\u00e9m dos trechos que se encontram com execu\u00e7\u00f5es, a obra tamb\u00e9m prev\u00ea a constru\u00e7\u00e3o de pontilh\u00f5es por todo o percurso. No total, ser\u00e3o investidos cerca de 15 milh\u00f5es de reais, segundo a Secretaria de Urbanismo e Obras (Seurb).<\/div>\n<div style=\"text-align: justify;\">\n<\/div>\n","protected":false},"excerpt":{"rendered":"<p>Foto: Seurb\/Divulga\u00e7\u00e3o Liberado na manh\u00e3 desta sexta-feira (04) o primeiro pontilh\u00e3o da obra do Canal dos Moc\u00f3s, na Rua Ribeir\u00e3o&hellip;<\/p>\n","protected":false},"author":1,"featured_media":0,"comment_status":"open","ping_status":"open","sticky":false,"template":"","format":"standard","meta":{"footnotes":""},"categories":[1],"tags":[2,2758,6,1950],"class_list":["post-2532","post","type-post","status-publish","format-standard","hentry","category-sem-categoria","tag-blog-do-edvaldo-magalhaes","tag-liberado-o-primeiro-pontilhao-do-canal-dos-mocos-em-caruaru","tag-noticias","tag-noticias-de-caruaru"],"_links":{"self":[{"href":"https:\/\/blogdoedvaldomagalhaes.com.br\/index.php\/wp-json\/wp\/v2\/posts\/2532","targetHints":{"allow":["GET"]}}],"collection":[{"href":"https:\/\/blogdoedvaldomagalhaes.com.br\/index.php\/wp-json\/wp\/v2\/posts"}],"about":[{"href":"https:\/\/blogdoedvaldomagalhaes.com.br\/index.php\/wp-json\/wp\/v2\/types\/post"}],"author":[{"embeddable":true,"href":"https:\/\/blogdoedvaldomagalhaes.com.br\/index.php\/wp-json\/wp\/v2\/users\/1"}],"replies":[{"embeddable":true,"href":"https:\/\/blogdoedvaldomagalhaes.com.br\/index.php\/wp-json\/wp\/v2\/comments?post=2532"}],"version-history":[{"count":1,"href":"https:\/\/blogdoedvaldomagalhaes.com.br\/index.php\/wp-json\/wp\/v2\/posts\/2532\/revisions"}],"predecessor-version":[{"id":30391,"href":"https:\/\/blogdoedvaldomagalhaes.com.br\/index.php\/wp-json\/wp\/v2\/posts\/2532\/revisions\/30391"}],"wp:attachment":[{"href":"https:\/\/blogdoedvaldomagalhaes.com.br\/index.php\/wp-json\/wp\/v2\/media?parent=2532"}],"wp:term":[{"taxonomy":"category","embeddable":true,"href":"https:\/\/blogdoedvaldomagalhaes.com.br\/index.php\/wp-json\/wp\/v2\/categories?post=2532"},{"taxonomy":"post_tag","embeddable":true,"href":"https:\/\/blogdoedvaldomagalhaes.com.br\/index.php\/wp-json\/wp\/v2\/tags?post=2532"}],"curies":[{"name":"wp","href":"https:\/\/api.w.org\/{rel}","templated":true}]}}