{"id":2531,"date":"2018-05-04T20:35:00","date_gmt":"2018-05-04T23:35:00","guid":{"rendered":"http:\/\/blogdoedvaldomagalhaes.com.br\/index.php\/2018\/05\/04\/padrasto-tenta-estuprar-enteada-de-10\/"},"modified":"2019-02-09T02:12:02","modified_gmt":"2019-02-09T04:12:02","slug":"padrasto-tenta-estuprar-enteada-de-10","status":"publish","type":"post","link":"https:\/\/blogdoedvaldomagalhaes.com.br\/index.php\/2018\/05\/04\/padrasto-tenta-estuprar-enteada-de-10\/","title":{"rendered":"Padrasto tenta estuprar enteada de 10 anos em Caruaru"},"content":{"rendered":"<div class=\"separator\" style=\"clear: both; text-align: center;\">\n<a href=\"https:\/\/2.bp.blogspot.com\/-6P7l3Oz8iEE\/WuzD1kmqbzI\/AAAAAAAAwBg\/ZDovCH-D7YEb7nrs1PITZ3aekxXxdOSMwCLcBGAs\/s1600\/s.jpg\" imageanchor=\"1\" style=\"margin-left: 1em; margin-right: 1em;\"><img loading=\"lazy\" decoding=\"async\" border=\"0\" data-original-height=\"388\" data-original-width=\"690\" height=\"354\" src=\"http:\/\/blogdoedvaldomagalhaes.com.br\/wp-content\/uploads\/2018\/05\/s.jpg\" width=\"640\" \/><\/a><\/div>\n<div class=\"separator\" style=\"clear: both; text-align: center;\">\nFoto ilustrativa<\/div>\n<div style=\"text-align: justify;\">\n<\/div>\n<div style=\"text-align: justify;\">\nA den\u00fancia aconteceu nessa quinta-feira (04), no Loteamento Hosana, em<br \/>\n Caruaru. Onde o padrasto de uma garota de 10 anos de idade, tentou<br \/>\nabusar da menina.<\/div>\n<div style=\"text-align: justify;\">\n<\/div>\n<div style=\"text-align: justify;\">\nDe acordo com a PM, uma viatura foi enviada ao local, onde o acusado<br \/>\nde 24 anos, fugiu antes mesmo da chegada da pol\u00edcia. Ainda segundo a PM,<br \/>\n o mesmo espancou a  m\u00e3e da menina logo ap\u00f3s a den\u00fancia.<\/div>\n<div style=\"text-align: justify;\">\n<\/div>\n<div style=\"text-align: justify;\">\nDiante dos fatos as v\u00edtimas foram encaminhadas para a Delegacia de<br \/>\nPlant\u00e3o, onde foi feito todo procedimento de praxe e a Pol\u00edcia Civil<br \/>\ninvestigar\u00e1 o caso.&nbsp;<\/div>\n<div style=\"text-align: justify;\">\n<\/div>\n<div style=\"text-align: justify;\">\nInforma\u00e7\u00f5es de Dayvson Robert\/No Detalhe<\/div>\n","protected":false},"excerpt":{"rendered":"<p>Foto ilustrativa A den\u00fancia aconteceu nessa quinta-feira (04), no Loteamento Hosana, em Caruaru. Onde o padrasto de uma garota de&hellip;<\/p>\n","protected":false},"author":1,"featured_media":0,"comment_status":"open","ping_status":"open","sticky":false,"template":"","format":"standard","meta":{"footnotes":""},"categories":[1],"tags":[2,2755,2756,2757,13],"class_list":["post-2531","post","type-post","status-publish","format-standard","hentry","category-sem-categoria","tag-blog-do-edvaldo-magalhaes","tag-loteamento-hosana","tag-noticia-policiais-de-caruaru","tag-padrasto-tenta-estuprar-enteada-de-10-anos-em-caruaru","tag-policial"],"_links":{"self":[{"href":"https:\/\/blogdoedvaldomagalhaes.com.br\/index.php\/wp-json\/wp\/v2\/posts\/2531","targetHints":{"allow":["GET"]}}],"collection":[{"href":"https:\/\/blogdoedvaldomagalhaes.com.br\/index.php\/wp-json\/wp\/v2\/posts"}],"about":[{"href":"https:\/\/blogdoedvaldomagalhaes.com.br\/index.php\/wp-json\/wp\/v2\/types\/post"}],"author":[{"embeddable":true,"href":"https:\/\/blogdoedvaldomagalhaes.com.br\/index.php\/wp-json\/wp\/v2\/users\/1"}],"replies":[{"embeddable":true,"href":"https:\/\/blogdoedvaldomagalhaes.com.br\/index.php\/wp-json\/wp\/v2\/comments?post=2531"}],"version-history":[{"count":1,"href":"https:\/\/blogdoedvaldomagalhaes.com.br\/index.php\/wp-json\/wp\/v2\/posts\/2531\/revisions"}],"predecessor-version":[{"id":30393,"href":"https:\/\/blogdoedvaldomagalhaes.com.br\/index.php\/wp-json\/wp\/v2\/posts\/2531\/revisions\/30393"}],"wp:attachment":[{"href":"https:\/\/blogdoedvaldomagalhaes.com.br\/index.php\/wp-json\/wp\/v2\/media?parent=2531"}],"wp:term":[{"taxonomy":"category","embeddable":true,"href":"https:\/\/blogdoedvaldomagalhaes.com.br\/index.php\/wp-json\/wp\/v2\/categories?post=2531"},{"taxonomy":"post_tag","embeddable":true,"href":"https:\/\/blogdoedvaldomagalhaes.com.br\/index.php\/wp-json\/wp\/v2\/tags?post=2531"}],"curies":[{"name":"wp","href":"https:\/\/api.w.org\/{rel}","templated":true}]}}