{"id":2529,"date":"2018-05-04T23:38:00","date_gmt":"2018-05-05T02:38:00","guid":{"rendered":"http:\/\/blogdoedvaldomagalhaes.com.br\/index.php\/2018\/05\/04\/ministerio-publico-de-caruaru-interdita\/"},"modified":"2019-02-09T02:12:06","modified_gmt":"2019-02-09T04:12:06","slug":"ministerio-publico-de-caruaru-interdita","status":"publish","type":"post","link":"https:\/\/blogdoedvaldomagalhaes.com.br\/index.php\/2018\/05\/04\/ministerio-publico-de-caruaru-interdita\/","title":{"rendered":"Minist\u00e9rio P\u00fablico de Caruaru interdita Matadouro P\u00fablico de Bom Conselho"},"content":{"rendered":"<div class=\"separator\" style=\"clear: both; text-align: center;\">\n<a href=\"https:\/\/1.bp.blogspot.com\/-6yE0E-B4uc0\/WuzuW58DnYI\/AAAAAAAAwC8\/Ly-j-UosOKM0H0zWjscNg40WJuzntj0LACLcBGAs\/s1600\/IMG-20180504-WA0218.jpg\" imageanchor=\"1\" style=\"margin-left: 1em; margin-right: 1em;\"><img loading=\"lazy\" decoding=\"async\" border=\"0\" data-original-height=\"960\" data-original-width=\"1280\" height=\"480\" src=\"http:\/\/blogdoedvaldomagalhaes.com.br\/wp-content\/uploads\/2018\/05\/IMG-20180504-WA0218.jpg\" width=\"640\" \/><\/a><\/div>\n<div style=\"text-align: justify;\">\nO motivo da INTERDI\u00c7\u00c3O aconteceu, por que foi observado, durante a fiscaliza\u00e7\u00e3o realizada pelos Auditores Fiscais do Minist\u00e9rio do Trabalho, que Matadouro n\u00e3o atendia as Normas de Seguran\u00e7a, previstas em lei, expondo os trabalhadores do local a riscos de acidentes de trabalho.<\/p>\n<\/div>\n<div style=\"text-align: justify;\">\n<div class=\"separator\" style=\"clear: both; text-align: center;\">\n<a href=\"https:\/\/1.bp.blogspot.com\/-bplIG1AoI_c\/Wuz7HmzbzpI\/AAAAAAAAwDM\/Zy0DFEtjMf8kdTrkVI3jDefV0-12tRokwCLcBGAs\/s1600\/IMG-20180504-WA0215.jpg\" imageanchor=\"1\" style=\"margin-left: 1em; margin-right: 1em;\"><img loading=\"lazy\" decoding=\"async\" border=\"0\" data-original-height=\"960\" data-original-width=\"1280\" height=\"480\" src=\"http:\/\/blogdoedvaldomagalhaes.com.br\/wp-content\/uploads\/2018\/05\/IMG-20180504-WA0215.jpg\" width=\"640\" \/><\/a><\/div>\n<p><\/div>\n<div style=\"text-align: justify;\">\nDentre as principais irregularidades encontradas destacam-se as seguintes:<\/div>\n<div style=\"text-align: justify;\">\n<\/div>\n<div style=\"text-align: justify;\">\nN\u00e3o havia prote\u00e7\u00e3o lateral, como guarda corpo e rodap\u00e9, nas plataformas de abate e corte dos animais, &nbsp;expondo os trabalhadores a riscos de quedas.<\/p>\n<\/div>\n<div style=\"text-align: justify;\">\n<div class=\"separator\" style=\"clear: both; text-align: center;\">\n<a href=\"https:\/\/4.bp.blogspot.com\/-YXTbrajgMwc\/Wuz7edTQ1gI\/AAAAAAAAwDU\/oY6ddvyW5ko6UygT3EcPxwjs4Yl3NtohwCLcBGAs\/s1600\/IMG-20180504-WA0217.jpg\" imageanchor=\"1\" style=\"margin-left: 1em; margin-right: 1em;\"><img loading=\"lazy\" decoding=\"async\" border=\"0\" data-original-height=\"960\" data-original-width=\"1280\" height=\"480\" src=\"http:\/\/blogdoedvaldomagalhaes.com.br\/wp-content\/uploads\/2018\/05\/IMG-20180504-WA0217.jpg\" width=\"640\" \/><\/a><\/div>\n<p><\/div>\n<div style=\"text-align: justify;\">\nN\u00e3o h\u00e1 sistema de prote\u00e7\u00e3o coletiva, bem como os trabalhadores n\u00e3o usavam quaisquer EPIs obrigat\u00f3rios.<\/p>\n<\/div>\n<div style=\"text-align: justify;\">\n<div class=\"separator\" style=\"clear: both; text-align: center;\">\n<a href=\"https:\/\/2.bp.blogspot.com\/-RfcUaOYP2-o\/Wuz7wd5rS1I\/AAAAAAAAwDc\/H6wexSxhZ1EwWWwah6fsGEdsLoP8sCXwwCLcBGAs\/s1600\/IMG-20180504-WA0212.jpg\" imageanchor=\"1\" style=\"margin-left: 1em; margin-right: 1em;\"><img loading=\"lazy\" decoding=\"async\" border=\"0\" data-original-height=\"960\" data-original-width=\"1280\" height=\"480\" src=\"http:\/\/blogdoedvaldomagalhaes.com.br\/wp-content\/uploads\/2018\/05\/IMG-20180504-WA0212.jpg\" width=\"640\" \/><\/a><\/div>\n<p><\/div>\n<div style=\"text-align: justify;\">\nAs instala\u00e7\u00f5es el\u00e9tricas encontravam-se com fia\u00e7\u00e3o exposta e falta de aterramento das serras de corte, com riscos de acidentes por choques el\u00e9tricos aos trabalhadores.<\/p>\n<p><\/p>\n<div class=\"separator\" style=\"clear: both; text-align: center;\">\n<a href=\"https:\/\/4.bp.blogspot.com\/-v09eiy4KVGM\/Wuz8XLC9odI\/AAAAAAAAwDk\/UiMa1AXoXYU58quBbeteR_RNmB6B-LGaQCLcBGAs\/s1600\/IMG-20180504-WA0213.jpg\" imageanchor=\"1\" style=\"margin-left: 1em; margin-right: 1em;\"><img loading=\"lazy\" decoding=\"async\" border=\"0\" data-original-height=\"960\" data-original-width=\"1280\" height=\"480\" src=\"http:\/\/blogdoedvaldomagalhaes.com.br\/wp-content\/uploads\/2018\/05\/IMG-20180504-WA0213.jpg\" width=\"640\" \/><\/a><\/div>\n<\/div>\n<div style=\"text-align: justify;\">\n<\/div>\n<div style=\"text-align: justify;\">\nE os currais n\u00e3o disp\u00f5em de passarelas, corredores ou plataformas, para impedir o contato direto dos animais, expondo os trabalhadores a riscos de acidentes, pelo movimento intepestivo dos animais.<\/p>\n<div class=\"separator\" style=\"clear: both; text-align: center;\">\n<\/div>\n<p><\/p>\n<div class=\"separator\" style=\"clear: both; text-align: center;\">\n<a href=\"https:\/\/1.bp.blogspot.com\/-crMmq2UOcLQ\/Wuz8_R-xScI\/AAAAAAAAwDw\/rL5r7xFqL9E35X8jiira1usQURurUm4KQCLcBGAs\/s1600\/IMG-20180504-WA0210.jpg\" imageanchor=\"1\" style=\"margin-left: 1em; margin-right: 1em;\"><img loading=\"lazy\" decoding=\"async\" border=\"0\" data-original-height=\"960\" data-original-width=\"1280\" height=\"480\" src=\"http:\/\/blogdoedvaldomagalhaes.com.br\/wp-content\/uploads\/2018\/05\/IMG-20180504-WA0210.jpg\" width=\"640\" \/><\/a><\/div>\n<p><\/div>\n<p>\nEm raz\u00e3o disso, foi promovida a interdi\u00e7\u00e3o e o matadouro s\u00f3 poder\u00e1 voltar a funcionar, ap\u00f3s as adequa\u00e7\u00f5es legais necess\u00e1rias, e ap\u00f3s nova vistoria no local do MTE, onde fique comprovado que todos os riscos foram eliminados.<\/p>\n<p><\/p>\n<div class=\"separator\" style=\"clear: both; text-align: center;\">\n<a href=\"https:\/\/4.bp.blogspot.com\/-MHvfeDMNxDA\/Wuz9fbPO8lI\/AAAAAAAAwD8\/2fITwO7JTLISHgJXsUa94HKOjfq3pswUACLcBGAs\/s1600\/IMG-20180504-WA0211.jpg\" imageanchor=\"1\" style=\"margin-left: 1em; margin-right: 1em;\"><img loading=\"lazy\" decoding=\"async\" border=\"0\" data-original-height=\"1280\" data-original-width=\"960\" height=\"640\" src=\"http:\/\/blogdoedvaldomagalhaes.com.br\/wp-content\/uploads\/2018\/05\/IMG-20180504-WA0211.jpg\" width=\"480\" \/><\/a><\/div>\n<p><\/p>\n<div class=\"separator\" style=\"clear: both; text-align: center;\">\n<a href=\"https:\/\/3.bp.blogspot.com\/-M1E2Po6jih8\/Wuz9ltbkJTI\/AAAAAAAAwEE\/63ISGtE7SOQpJCwAADsN-biqysxI-oahwCLcBGAs\/s1600\/IMG-20180504-WA0207.jpg\" imageanchor=\"1\" style=\"margin-left: 1em; margin-right: 1em;\"><img loading=\"lazy\" decoding=\"async\" border=\"0\" data-original-height=\"960\" data-original-width=\"1280\" height=\"480\" src=\"http:\/\/blogdoedvaldomagalhaes.com.br\/wp-content\/uploads\/2018\/05\/IMG-20180504-WA0207.jpg\" width=\"640\" \/><\/a><\/div>\n<p><\/p>\n<div class=\"separator\" style=\"clear: both; text-align: center;\">\n<a href=\"https:\/\/2.bp.blogspot.com\/-v1HTY2jT7gE\/Wuz9oZNq62I\/AAAAAAAAwEI\/u6T7IEwVpEYn-XB8bpfa6s-5qCUmGRHCgCLcBGAs\/s1600\/IMG-20180504-WA0208.jpg\" imageanchor=\"1\" style=\"margin-left: 1em; margin-right: 1em;\"><img loading=\"lazy\" decoding=\"async\" border=\"0\" data-original-height=\"960\" data-original-width=\"1280\" height=\"480\" src=\"http:\/\/blogdoedvaldomagalhaes.com.br\/wp-content\/uploads\/2018\/05\/IMG-20180504-WA0208.jpg\" width=\"640\" \/><\/a><\/div>\n<p><\/p>\n","protected":false},"excerpt":{"rendered":"<p>O motivo da INTERDI\u00c7\u00c3O aconteceu, por que foi observado, durante a fiscaliza\u00e7\u00e3o realizada pelos Auditores Fiscais do Minist\u00e9rio do Trabalho,&hellip;<\/p>\n","protected":false},"author":1,"featured_media":0,"comment_status":"open","ping_status":"open","sticky":false,"template":"","format":"standard","meta":{"footnotes":""},"categories":[1],"tags":[2,2753,6],"class_list":["post-2529","post","type-post","status-publish","format-standard","hentry","category-sem-categoria","tag-blog-do-edvaldo-magalhaes","tag-ministerio-publico-de-caruaru-interdita-matadouro-publico-de-bom-conselho","tag-noticias"],"_links":{"self":[{"href":"https:\/\/blogdoedvaldomagalhaes.com.br\/index.php\/wp-json\/wp\/v2\/posts\/2529","targetHints":{"allow":["GET"]}}],"collection":[{"href":"https:\/\/blogdoedvaldomagalhaes.com.br\/index.php\/wp-json\/wp\/v2\/posts"}],"about":[{"href":"https:\/\/blogdoedvaldomagalhaes.com.br\/index.php\/wp-json\/wp\/v2\/types\/post"}],"author":[{"embeddable":true,"href":"https:\/\/blogdoedvaldomagalhaes.com.br\/index.php\/wp-json\/wp\/v2\/users\/1"}],"replies":[{"embeddable":true,"href":"https:\/\/blogdoedvaldomagalhaes.com.br\/index.php\/wp-json\/wp\/v2\/comments?post=2529"}],"version-history":[{"count":1,"href":"https:\/\/blogdoedvaldomagalhaes.com.br\/index.php\/wp-json\/wp\/v2\/posts\/2529\/revisions"}],"predecessor-version":[{"id":30406,"href":"https:\/\/blogdoedvaldomagalhaes.com.br\/index.php\/wp-json\/wp\/v2\/posts\/2529\/revisions\/30406"}],"wp:attachment":[{"href":"https:\/\/blogdoedvaldomagalhaes.com.br\/index.php\/wp-json\/wp\/v2\/media?parent=2529"}],"wp:term":[{"taxonomy":"category","embeddable":true,"href":"https:\/\/blogdoedvaldomagalhaes.com.br\/index.php\/wp-json\/wp\/v2\/categories?post=2529"},{"taxonomy":"post_tag","embeddable":true,"href":"https:\/\/blogdoedvaldomagalhaes.com.br\/index.php\/wp-json\/wp\/v2\/tags?post=2529"}],"curies":[{"name":"wp","href":"https:\/\/api.w.org\/{rel}","templated":true}]}}