{"id":2526,"date":"2018-05-05T11:27:00","date_gmt":"2018-05-05T14:27:00","guid":{"rendered":"http:\/\/blogdoedvaldomagalhaes.com.br\/index.php\/2018\/05\/05\/homem-e-preso-apos-matar-menino-de-5\/"},"modified":"2019-02-09T02:12:10","modified_gmt":"2019-02-09T04:12:10","slug":"homem-e-preso-apos-matar-menino-de-5","status":"publish","type":"post","link":"https:\/\/blogdoedvaldomagalhaes.com.br\/index.php\/2018\/05\/05\/homem-e-preso-apos-matar-menino-de-5\/","title":{"rendered":"Homem \u00e9 preso ap\u00f3s matar menino de 5 anos e tentar matar menina de 11 anos em Macaparana"},"content":{"rendered":"<div class=\"separator\" style=\"clear: both; text-align: center;\">\n<a href=\"https:\/\/3.bp.blogspot.com\/-Hrw5Z6oFaH8\/Wu2VE0F78OI\/AAAAAAAAwFE\/Dsx_lwkOHgkJi-xibvQyJFZlZkDL1YIQACLcBGAs\/s1600\/zap.jpg\" imageanchor=\"1\" style=\"margin-left: 1em; margin-right: 1em;\"><img loading=\"lazy\" decoding=\"async\" border=\"0\" data-original-height=\"281\" data-original-width=\"500\" height=\"354\" src=\"http:\/\/blogdoedvaldomagalhaes.com.br\/wp-content\/uploads\/2018\/05\/zap-1.jpg\" width=\"640\" \/><\/a><\/div>\n<div class=\"separator\" style=\"clear: both; text-align: center;\">\nFoto: Reprodu\u00e7\u00e3o\/WhatsApp<\/div>\n<div style=\"background-color: white; box-sizing: border-box; line-height: 24px; margin-bottom: 10px; text-align: justify;\">\n<\/div>\n<div style=\"background-color: white; box-sizing: border-box; line-height: 24px; margin-bottom: 10px; text-align: justify;\">\nUm homem armado com uma faca atacou crian\u00e7as no final da tarde desta sexta-feira (04), em Macaparana, na Zona da Mata de Pernambuco. Lu\u00eds Francisco da Silva, 31 anos, matou um menino de 5 anos e tentou assassinar uma garota de 11.<\/div>\n<div style=\"background-color: white; box-sizing: border-box; line-height: 24px; margin-bottom: 10px; text-align: justify;\">\nAs duas crian\u00e7as estavam brincando na rua Otoniel de Moura, no bairro Macapazinho, e eram vizinhos do assassino. O menino foi atingido por facadas no pesco\u00e7o e morreu na hora. J\u00e1 a garota recebeu facadas no t\u00f3rax e foi socorrida em estado grave para o Hospital da Restaura\u00e7\u00e3o, no Recife.<\/div>\n<div style=\"background-color: white; box-sizing: border-box; line-height: 24px; margin-bottom: 10px; text-align: justify;\">\nO delegado Rodolfo Cartaxo, titular da Delegacia de Goiana, disse que as crian\u00e7as estavam na rua e ele, sem nenhum motivo aparente, se aproximou e desferiu os golpes de faca.<\/div>\n<div style=\"background-color: white; box-sizing: border-box; line-height: 24px; margin-bottom: 10px; text-align: justify;\">\nAp\u00f3s o ataque, os moradores tentaram linchar o criminoso, mas temendo ser morto ele correu para a Cadeia P\u00fablica de Macaparana, onde foi detido. De l\u00e1, ele foi encaminhado por policiais do 2\u00ba Batalh\u00e3o da Pol\u00edcia Militar para a Delegacia de Goiana.<\/div>\n<div style=\"background-color: white; box-sizing: border-box; line-height: 24px; margin-bottom: 10px; text-align: justify;\">\nInforma\u00e7\u00f5es da R\u00e1dio Liberdade.<\/div>\n","protected":false},"excerpt":{"rendered":"<p>Foto: Reprodu\u00e7\u00e3o\/WhatsApp Um homem armado com uma faca atacou crian\u00e7as no final da tarde desta sexta-feira (04), em Macaparana, na&hellip;<\/p>\n","protected":false},"author":1,"featured_media":0,"comment_status":"open","ping_status":"open","sticky":false,"template":"","format":"standard","meta":{"footnotes":""},"categories":[1],"tags":[2,2750,13],"class_list":["post-2526","post","type-post","status-publish","format-standard","hentry","category-sem-categoria","tag-blog-do-edvaldo-magalhaes","tag-homem-e-preso-apos-matar-menino-de-5-anos-e-tentar-matar-menina-de-11-anos-em-macaparana","tag-policial"],"_links":{"self":[{"href":"https:\/\/blogdoedvaldomagalhaes.com.br\/index.php\/wp-json\/wp\/v2\/posts\/2526","targetHints":{"allow":["GET"]}}],"collection":[{"href":"https:\/\/blogdoedvaldomagalhaes.com.br\/index.php\/wp-json\/wp\/v2\/posts"}],"about":[{"href":"https:\/\/blogdoedvaldomagalhaes.com.br\/index.php\/wp-json\/wp\/v2\/types\/post"}],"author":[{"embeddable":true,"href":"https:\/\/blogdoedvaldomagalhaes.com.br\/index.php\/wp-json\/wp\/v2\/users\/1"}],"replies":[{"embeddable":true,"href":"https:\/\/blogdoedvaldomagalhaes.com.br\/index.php\/wp-json\/wp\/v2\/comments?post=2526"}],"version-history":[{"count":1,"href":"https:\/\/blogdoedvaldomagalhaes.com.br\/index.php\/wp-json\/wp\/v2\/posts\/2526\/revisions"}],"predecessor-version":[{"id":30412,"href":"https:\/\/blogdoedvaldomagalhaes.com.br\/index.php\/wp-json\/wp\/v2\/posts\/2526\/revisions\/30412"}],"wp:attachment":[{"href":"https:\/\/blogdoedvaldomagalhaes.com.br\/index.php\/wp-json\/wp\/v2\/media?parent=2526"}],"wp:term":[{"taxonomy":"category","embeddable":true,"href":"https:\/\/blogdoedvaldomagalhaes.com.br\/index.php\/wp-json\/wp\/v2\/categories?post=2526"},{"taxonomy":"post_tag","embeddable":true,"href":"https:\/\/blogdoedvaldomagalhaes.com.br\/index.php\/wp-json\/wp\/v2\/tags?post=2526"}],"curies":[{"name":"wp","href":"https:\/\/api.w.org\/{rel}","templated":true}]}}