{"id":2525,"date":"2018-05-05T17:15:00","date_gmt":"2018-05-05T20:15:00","guid":{"rendered":"http:\/\/blogdoedvaldomagalhaes.com.br\/index.php\/2018\/05\/05\/eduardo-guerra-retorna-ao-pcdob\/"},"modified":"2019-02-09T02:12:10","modified_gmt":"2019-02-09T04:12:10","slug":"eduardo-guerra-retorna-ao-pcdob","status":"publish","type":"post","link":"https:\/\/blogdoedvaldomagalhaes.com.br\/index.php\/2018\/05\/05\/eduardo-guerra-retorna-ao-pcdob\/","title":{"rendered":"Eduardo Guerra retorna ao PCdoB"},"content":{"rendered":"<div class=\"separator\" style=\"clear: both; text-align: center;\">\n<a href=\"https:\/\/2.bp.blogspot.com\/-elNAmspb9Qo\/Wu3mpegJqvI\/AAAAAAAAwFY\/T2pZygx4lXcVpYu1NIFFgoIKBXMI0tWtQCLcBGAs\/s1600\/pcdob.jpg\" imageanchor=\"1\" style=\"margin-left: 1em; margin-right: 1em;\"><img loading=\"lazy\" decoding=\"async\" border=\"0\" data-original-height=\"158\" data-original-width=\"280\" height=\"358\" src=\"http:\/\/blogdoedvaldomagalhaes.com.br\/wp-content\/uploads\/2018\/05\/pcdob.jpg\" width=\"640\" \/><\/a><\/div>\n<div style=\"background-color: white; border: 0px; margin-bottom: 1.5em; outline: 0px; padding: 0px; text-align: justify; vertical-align: baseline;\">\n<strong style=\"border: 0px; font-style: inherit; margin: 0px; outline: 0px; padding: 0px; vertical-align: baseline;\"><br \/><\/strong><\/div>\n<div style=\"background-color: white; border: 0px; margin-bottom: 1.5em; outline: 0px; padding: 0px; text-align: justify; vertical-align: baseline;\">\n<strong style=\"border: 0px; font-style: inherit; margin: 0px; outline: 0px; padding: 0px; vertical-align: baseline;\">Do Blog de Paulo Na\u00edlson<\/strong><\/div>\n<div style=\"background-color: white; border: 0px; margin-bottom: 1.5em; outline: 0px; padding: 0px; text-align: justify; vertical-align: baseline;\">\nEduardo Guerra oficializou sua filia\u00e7\u00e3o no PCdoB Caruaru. O fato foi publicado na rede social do partido. Lino Portela, presidente do partido no munic\u00edpio, festejou o retorno de Guerra relatando e relatou ao blog:&nbsp;\u201cEduardo Guerra tem uma contribui\u00e7\u00e3o importante para a constru\u00e7\u00e3o dos processos pol\u00edticos em nossa cidade.&nbsp; Seu retorno ao PCdoB Caruaru, nesse momento de fortalecimento e constru\u00e7\u00e3o partid\u00e1ria, vai enriquecer e somar na perspectiva da amplia\u00e7\u00e3o do nosso dialogo com a sociedade. Um retorno celebrado por todos n\u00f3s.\u201d<\/div>\n<div style=\"background-color: white; border: 0px; margin-bottom: 1.5em; outline: 0px; padding: 0px; text-align: justify; vertical-align: baseline;\">\n\u00c9 advogado formado pela (UFPE) com MBA em administra\u00e7\u00e3o de altos neg\u00f3cios (USP-BB). Aos 12 anos saiu do pa\u00eds com o pai, exilado pol\u00edtico. Viveu a adolesc\u00eancia e juventude no M\u00e9xico, na Col\u00f4mbia e no Paraguai, onde se graduou em Ci\u00eancias e Letras, iniciou os estudos em matem\u00e1tica e economia e participou de protestos estudantis contra o governo ditatorial. Cursou engenharia civil em Honduras e no Equador.<\/div>\n<div style=\"background-color: white; border: 0px; margin-bottom: 1.5em; outline: 0px; padding: 0px; text-align: justify; vertical-align: baseline;\">\nAos 23 anos foi vice-presidente executivo de uma empresa criada para financiar a resist\u00eancia democr\u00e1tica \u00e0 ditadura no Brasil. Aos 25 foi fundador, vice-presidente e presidente da C\u00e2mara de Comercio Equatoriano-Brasileira. De volta ao Brasil, em 1982 participou ativamente da pol\u00edtica estudantil universit\u00e1ria. Foi Patrono da turma de direito do ano de 1988 (Turma Centen\u00e1rio da Aboli\u00e7\u00e3o).<\/div>\n<div style=\"background-color: white; border: 0px; margin-bottom: 1.5em; outline: 0px; padding: 0px; text-align: justify; vertical-align: baseline;\">\nComo empres\u00e1rio instalou a primeira empresa na amplia\u00e7\u00e3o do Distrito Industrial de Caruaru e foi presidente da associa\u00e7\u00e3o de Industrias do Modulo II. \u00c9 P\u00f3s graduado em Politica e Estrat\u00e9gia pela Associa\u00e7\u00e3o de Diplomados do Escola Superior de Guerra (1992).<\/div>\n<div style=\"background-color: white; border: 0px; margin-bottom: 1.5em; outline: 0px; padding: 0px; text-align: justify; vertical-align: baseline;\">\nFoi Candidato a prefeito de Caruaru pelo PCdoB, em 2004, presidente do Diret\u00f3rio Estadual do Partido e membro do Diret\u00f3rio Estadual.&nbsp;Em 2008 articulou a coliga\u00e7\u00e3o Caruaru mais Forte Ainda, que apoiou a terceira elei\u00e7\u00e3o de Jos\u00e9 Queiroz como prefeito, elegendo dois vereadores do PCdoB.&nbsp;Em 2009 assumiu a Diretoria de Ci\u00eancia e Tecnologia, na Secretaria de Educa\u00e7\u00e3o, Esportes, Juventude, Ci\u00eancia e Tecnologia, afastou-se voluntariamente no primeiro semestre de 2011.<\/div>\n<div style=\"background-color: white; border: 0px; margin-bottom: 1.5em; outline: 0px; padding: 0px; text-align: justify; vertical-align: baseline;\">\nAo final de 2011 foi nomeado Secret\u00e1rio Executivo de Rela\u00e7\u00f5es Institucionais, cargo que exerceu at\u00e9 abril de 2012, quando se desincompatibilizou para concorrer a um mandato na C\u00e2mara de Vereadores pelo PT. Naquele ano&nbsp;concorreu sub judice depois que o Tribunal Regional Eleitoral de Pernambuco (TRE-PE) concluiu que os documentos apresentados por Guerra durante o processo de registro de candidatura continha ind\u00edcios de falsifica\u00e7\u00e3o. O ent\u00e3o petista entrou com recurso contra a decis\u00e3o e seguiu com uma campanha bem estruturada, obtendo 982 votos, ainda que isso n\u00e3o tenha sido o suficiente para eleger-se. No entanto, no in\u00edcio da semana, o recurso dele no TSE foi negado pela Ministra Relatora Luciana L\u00f3ssio em decis\u00e3o monocr\u00e1tica, mantendo seu pedido de registro indeferido.<\/div>\n<p><\/p>\n<div style=\"background-color: white; border: 0px; float: none; margin: 0px; outline: 0px; padding: 0px; text-align: center; vertical-align: baseline;\">\n<a href=\"http:\/\/blogdomarioflavio.com.br\/vs1\/\" style=\"border: 0px; font-style: inherit; font-weight: inherit; margin: 0px; outline: 0px; padding: 0px; vertical-align: baseline;\"><\/a><\/div>\n<p><\/p>\n<div style=\"-webkit-text-stroke-width: 0px; background-color: white; border: 0px; font-style: normal; font-variant-caps: normal; font-variant-ligatures: normal; font-weight: 400; letter-spacing: normal; margin: 0px 0px 1.5em; orphans: 2; outline: 0px; padding: 0px; text-align: justify; text-decoration-color: initial; text-decoration-style: initial; text-indent: 0px; text-transform: none; vertical-align: baseline; white-space: normal; widows: 2; word-spacing: 0px;\">\nEm 2016 voltou a disputar a elei\u00e7\u00e3o para prefeito de Caruaru pelo PSOL, tendo na vice, a advogada Michelle Santos. Permaneceu no PSOL at\u00e9 retornar agora ao Comunista do Brasil.<\/div>\n","protected":false},"excerpt":{"rendered":"<p>Do Blog de Paulo Na\u00edlson Eduardo Guerra oficializou sua filia\u00e7\u00e3o no PCdoB Caruaru. O fato foi publicado na rede social&hellip;<\/p>\n","protected":false},"author":1,"featured_media":0,"comment_status":"open","ping_status":"open","sticky":false,"template":"","format":"standard","meta":{"footnotes":""},"categories":[1],"tags":[2,2749,1950,20],"class_list":["post-2525","post","type-post","status-publish","format-standard","hentry","category-sem-categoria","tag-blog-do-edvaldo-magalhaes","tag-eduardo-guerra-retorna-ao-pcdob","tag-noticias-de-caruaru","tag-politica"],"_links":{"self":[{"href":"https:\/\/blogdoedvaldomagalhaes.com.br\/index.php\/wp-json\/wp\/v2\/posts\/2525","targetHints":{"allow":["GET"]}}],"collection":[{"href":"https:\/\/blogdoedvaldomagalhaes.com.br\/index.php\/wp-json\/wp\/v2\/posts"}],"about":[{"href":"https:\/\/blogdoedvaldomagalhaes.com.br\/index.php\/wp-json\/wp\/v2\/types\/post"}],"author":[{"embeddable":true,"href":"https:\/\/blogdoedvaldomagalhaes.com.br\/index.php\/wp-json\/wp\/v2\/users\/1"}],"replies":[{"embeddable":true,"href":"https:\/\/blogdoedvaldomagalhaes.com.br\/index.php\/wp-json\/wp\/v2\/comments?post=2525"}],"version-history":[{"count":1,"href":"https:\/\/blogdoedvaldomagalhaes.com.br\/index.php\/wp-json\/wp\/v2\/posts\/2525\/revisions"}],"predecessor-version":[{"id":30414,"href":"https:\/\/blogdoedvaldomagalhaes.com.br\/index.php\/wp-json\/wp\/v2\/posts\/2525\/revisions\/30414"}],"wp:attachment":[{"href":"https:\/\/blogdoedvaldomagalhaes.com.br\/index.php\/wp-json\/wp\/v2\/media?parent=2525"}],"wp:term":[{"taxonomy":"category","embeddable":true,"href":"https:\/\/blogdoedvaldomagalhaes.com.br\/index.php\/wp-json\/wp\/v2\/categories?post=2525"},{"taxonomy":"post_tag","embeddable":true,"href":"https:\/\/blogdoedvaldomagalhaes.com.br\/index.php\/wp-json\/wp\/v2\/tags?post=2525"}],"curies":[{"name":"wp","href":"https:\/\/api.w.org\/{rel}","templated":true}]}}