{"id":2518,"date":"2018-05-06T13:36:00","date_gmt":"2018-05-06T16:36:00","guid":{"rendered":"http:\/\/blogdoedvaldomagalhaes.com.br\/index.php\/2018\/05\/06\/viatura-da-pm-e-carro-usado-por\/"},"modified":"2019-02-09T02:12:22","modified_gmt":"2019-02-09T04:12:22","slug":"viatura-da-pm-e-carro-usado-por","status":"publish","type":"post","link":"https:\/\/blogdoedvaldomagalhaes.com.br\/index.php\/2018\/05\/06\/viatura-da-pm-e-carro-usado-por\/","title":{"rendered":"Viatura da PM e carro usado por bandidos caem em ribanceira durante persegui\u00e7\u00e3o policial"},"content":{"rendered":"<div class=\"separator\" style=\"clear: both; text-align: center;\">\n<a href=\"https:\/\/3.bp.blogspot.com\/-agPzyEw6pwE\/Wu8DX98jDPI\/AAAAAAAAwKM\/QzXUnRaQg0EN9-tPVpk-UKuIsce8D9zigCLcBGAs\/s1600\/cartro.jpg\" imageanchor=\"1\" style=\"margin-left: 1em; margin-right: 1em;\"><img loading=\"lazy\" decoding=\"async\" border=\"0\" data-original-height=\"270\" data-original-width=\"399\" height=\"430\" src=\"http:\/\/blogdoedvaldomagalhaes.com.br\/wp-content\/uploads\/2018\/05\/cartro.jpg\" width=\"640\" \/><\/a><\/div>\n<div style=\"background-color: white; box-sizing: border-box; line-height: 24px; margin-bottom: 10px; text-align: center;\">\nFotos: WhatsApp\/Cortesia<\/div>\n<div style=\"background-color: white; box-sizing: border-box; line-height: 24px; margin-bottom: 10px; text-align: justify;\">\nUma viatura da Pol\u00edcia Militar e um ve\u00edculo onde estavam suspeitos ca\u00edram em uma ribanceira ap\u00f3s persegui\u00e7\u00e3o policial e troca de tiros, na tarde deste s\u00e1bado (05), na BR-408, em Timba\u00faba, na Zona da Mata de Pernambuco. Os suspeitos tinham acabado de assaltar um mercadinho em Alian\u00e7a.<\/div>\n<div class=\"separator\" style=\"clear: both; text-align: center;\">\n<a href=\"https:\/\/4.bp.blogspot.com\/-CehJxdTtulg\/Wu8D-qrhQkI\/AAAAAAAAwKY\/8COgHK382to0t7K9rFM5fjCc4ydYVjybgCLcBGAs\/s1600\/carro%2B1.jpg\" imageanchor=\"1\" style=\"margin-left: 1em; margin-right: 1em;\"><img loading=\"lazy\" decoding=\"async\" border=\"0\" data-original-height=\"410\" data-original-width=\"748\" height=\"350\" src=\"http:\/\/blogdoedvaldomagalhaes.com.br\/wp-content\/uploads\/2018\/05\/carro1.jpg\" width=\"640\" \/><\/a><\/div>\n<div style=\"background-color: white; box-sizing: border-box; line-height: 24px; margin-bottom: 10px; text-align: justify;\">\n<\/div>\n<div style=\"background-color: white; box-sizing: border-box; line-height: 24px; margin-bottom: 10px; text-align: justify;\">\nAp\u00f3s o acidente dois suspeitos foram presos. Outros dois homens foram detidos posteriormente, enquanto se escondiam em uma vegeta\u00e7\u00e3o. O ve\u00edculo utilizado pelos assaltantes havia sido roubado em Carpina.<\/div>\n<div style=\"background-color: white; box-sizing: border-box; line-height: 24px; margin-bottom: 10px; text-align: justify;\">\n<\/div>\n<div class=\"separator\" style=\"clear: both; text-align: center;\">\n<a href=\"https:\/\/2.bp.blogspot.com\/-kwh2y19Zpe0\/Wu8DNZ8_RHI\/AAAAAAAAwKI\/gVxaLEHo9ykKhP4HzrDp5uRhZOTokf9ywCLcBGAs\/s1600\/pm.jpg\" imageanchor=\"1\" style=\"margin-left: 1em; margin-right: 1em;\"><img loading=\"lazy\" decoding=\"async\" border=\"0\" data-original-height=\"313\" data-original-width=\"500\" height=\"400\" src=\"http:\/\/blogdoedvaldomagalhaes.com.br\/wp-content\/uploads\/2018\/05\/pm.jpg\" width=\"640\" \/><\/a><\/div>\n<div style=\"background-color: white; box-sizing: border-box; line-height: 24px; margin-bottom: 10px; text-align: center;\">\nFoto: PMPE\/Divulga\u00e7\u00e3o<\/div>\n<div style=\"background-color: white; box-sizing: border-box; line-height: 24px; margin-bottom: 10px; text-align: justify;\">\nOs policiais apreenderam dois rev\u00f3lveres, dois rel\u00f3gios, um celular, uma quantia de dinheiro em esp\u00e9cie e muni\u00e7\u00f5es. Os quatro suspeitos foram encaminhados para a Delegacia de Goiana. Os policiais envolvidos na a\u00e7\u00e3o n\u00e3o ficaram feridos.<\/div>\n<div style=\"background-color: white; box-sizing: border-box; line-height: 24px; margin-bottom: 10px; text-align: justify;\">\nInforma\u00e7\u00f5es da R\u00e1dio Liberdade.<\/div>\n","protected":false},"excerpt":{"rendered":"<p>Fotos: WhatsApp\/Cortesia Uma viatura da Pol\u00edcia Militar e um ve\u00edculo onde estavam suspeitos ca\u00edram em uma ribanceira ap\u00f3s persegui\u00e7\u00e3o policial&hellip;<\/p>\n","protected":false},"author":1,"featured_media":0,"comment_status":"open","ping_status":"open","sticky":false,"template":"","format":"standard","meta":{"footnotes":""},"categories":[1],"tags":[2,13,2734],"class_list":["post-2518","post","type-post","status-publish","format-standard","hentry","category-sem-categoria","tag-blog-do-edvaldo-magalhaes","tag-policial","tag-viatura-da-pm-e-carro-usado-por-bandidos-caem-em-ribanceira-durante-perseguicao-policial"],"_links":{"self":[{"href":"https:\/\/blogdoedvaldomagalhaes.com.br\/index.php\/wp-json\/wp\/v2\/posts\/2518","targetHints":{"allow":["GET"]}}],"collection":[{"href":"https:\/\/blogdoedvaldomagalhaes.com.br\/index.php\/wp-json\/wp\/v2\/posts"}],"about":[{"href":"https:\/\/blogdoedvaldomagalhaes.com.br\/index.php\/wp-json\/wp\/v2\/types\/post"}],"author":[{"embeddable":true,"href":"https:\/\/blogdoedvaldomagalhaes.com.br\/index.php\/wp-json\/wp\/v2\/users\/1"}],"replies":[{"embeddable":true,"href":"https:\/\/blogdoedvaldomagalhaes.com.br\/index.php\/wp-json\/wp\/v2\/comments?post=2518"}],"version-history":[{"count":1,"href":"https:\/\/blogdoedvaldomagalhaes.com.br\/index.php\/wp-json\/wp\/v2\/posts\/2518\/revisions"}],"predecessor-version":[{"id":30452,"href":"https:\/\/blogdoedvaldomagalhaes.com.br\/index.php\/wp-json\/wp\/v2\/posts\/2518\/revisions\/30452"}],"wp:attachment":[{"href":"https:\/\/blogdoedvaldomagalhaes.com.br\/index.php\/wp-json\/wp\/v2\/media?parent=2518"}],"wp:term":[{"taxonomy":"category","embeddable":true,"href":"https:\/\/blogdoedvaldomagalhaes.com.br\/index.php\/wp-json\/wp\/v2\/categories?post=2518"},{"taxonomy":"post_tag","embeddable":true,"href":"https:\/\/blogdoedvaldomagalhaes.com.br\/index.php\/wp-json\/wp\/v2\/tags?post=2518"}],"curies":[{"name":"wp","href":"https:\/\/api.w.org\/{rel}","templated":true}]}}