{"id":2512,"date":"2018-05-07T10:19:00","date_gmt":"2018-05-07T13:19:00","guid":{"rendered":"http:\/\/blogdoedvaldomagalhaes.com.br\/index.php\/2018\/05\/07\/morre-francisco-amaral-o-pai-da\/"},"modified":"2019-02-09T02:12:26","modified_gmt":"2019-02-09T04:12:26","slug":"morre-francisco-amaral-o-pai-da","status":"publish","type":"post","link":"https:\/\/blogdoedvaldomagalhaes.com.br\/index.php\/2018\/05\/07\/morre-francisco-amaral-o-pai-da\/","title":{"rendered":"Morre Francisco Amaral, \u201cO Pai da Comunica\u00e7\u00e3o\u201d de Santa Cruz do Capibaribe"},"content":{"rendered":"<div class=\"separator\" style=\"clear: both; text-align: center;\">\n<a href=\"https:\/\/2.bp.blogspot.com\/-Bj42gOjBHjE\/WvAoFXcKZ9I\/AAAAAAAAwOM\/1R_HgN6GjqE1Fby5jXplRCYgSgt0mjf6wCLcBGAs\/s1600\/morre.jpg\" imageanchor=\"1\" style=\"margin-left: 1em; margin-right: 1em;\"><img loading=\"lazy\" decoding=\"async\" border=\"0\" data-original-height=\"223\" data-original-width=\"300\" height=\"475\" src=\"http:\/\/blogdoedvaldomagalhaes.com.br\/wp-content\/uploads\/2018\/05\/morre.jpg\" width=\"640\" \/><\/a><\/div>\n<div style=\"background-color: white; box-sizing: border-box; line-height: 24px; margin-bottom: 10px; text-align: justify;\">\n<\/div>\n<div style=\"background-color: white; box-sizing: border-box; line-height: 24px; margin-bottom: 10px; text-align: justify;\">\nFaleceu na tarde deste domingo (06), uma das maiores refer\u00eancias culturais de Santa Cruz do Capibaribe, considerado \u2018o Pai da Comunica\u00e7\u00e3o\u2019 da cidade, Francisco Samuel do Amaral aos 74 anos de idade.<\/div>\n<div style=\"background-color: white; box-sizing: border-box; line-height: 24px; margin-bottom: 10px; text-align: justify;\">\nNas \u00faltimas semanas, Francisco Amaral estava com problemas respirat\u00f3rios. No final da manh\u00e3 de hoje, ele foi encaminhado da UPA de Santa Cruz at\u00e9 um hospital na cidade de Palmares, por\u00e9m acabou falecendo poucas horas depois de dar entrada naquela unidade.<\/div>\n<div style=\"background-color: white; box-sizing: border-box; line-height: 24px; margin-bottom: 10px; text-align: justify;\">\nFrancisco Amaral deixa 22 filhos, 40 netos e 14 bisnetos. O seu vel\u00f3rio acontecer\u00e1 na C\u00e2mara de vereadores e o seu sepultamento ser\u00e1 \u00e0s 16h no Cemit\u00e9rio S\u00e3o Judas Tadeu (Cemit\u00e9rio Velho), no bairro S\u00e3o Crist\u00f3v\u00e3o.<\/div>\n<div style=\"background-color: white; box-sizing: border-box; line-height: 24px; margin-bottom: 10px; text-align: justify;\">\nFrancisco Samuel do Amaral nasceu em 4 de fevereiro de 1944 em Japecanga, zona rural de S\u00e3o Caetano. Seus primeiros trabalhos radiof\u00f4nicos foram em Caruaru na d\u00e9cada de 60, principalmente na R\u00e1dio Cultura. Francisco chegou em Santa Cruz em 1\u00ba de janeiro de 1967, onde se firmou como refer\u00eancia na comunica\u00e7\u00e3o e espelho para jovens aprendizes e fundou a \u2018AL Propaganda\u2019.<\/div>\n<div style=\"background-color: white; box-sizing: border-box; line-height: 24px; margin-bottom: 10px; text-align: justify;\">\nPoucos tempos depois, ele percebendo a aus\u00eancia de r\u00e1dio no munic\u00edpio, montou o seu sistema de divulga\u00e7\u00e3o e propaganda que consistia em difusoras em postes espalhados pelas ruas da cidade. A iniciativa serviu de escola para diversos radialistas de nossa cidade, a exemplos de Jota Oliveira, Geraldo Silva, Geraldo Costa e Ronaldo Pacas.<\/div>\n<div style=\"background-color: white; box-sizing: border-box; line-height: 24px; margin-bottom: 10px; text-align: justify;\">\nFrancisco Amaral foi o principal respons\u00e1vel por organizar e expandir as quadrilhas de ruas de Santa Cruz do Capibaribe. Nas vaquejadas, ele foi considerado o maior locutor da regi\u00e3o. Ele trabalhou nas R\u00e1dios Vale do Capibaribe AM, Comunidade FM e Santa Cruz FM.<\/div>\n<div style=\"background-color: white; box-sizing: border-box; line-height: 24px; margin-bottom: 10px; text-align: justify;\">\nNa pol\u00edtica, Francisco foi candidato a Vereador em 1996, quando obteve apenas 85 votos. Em 2009, ele foi o homenageado do S\u00e3o Jo\u00e3o de Santa Cruz, e no mesmo ano recebeu o T\u00edtulo de Cidad\u00e3o Santa-cruzense pela C\u00e2mara de vereadores.<\/div>\n<div style=\"background-color: white; box-sizing: border-box; line-height: 24px; margin-bottom: 10px; text-align: justify;\">\n<\/div>\n<div style=\"background-color: white; box-sizing: border-box; line-height: 24px; margin-bottom: 10px; text-align: justify;\">\n<strong style=\"box-sizing: border-box;\">Fonte: Blog do Ney Lima<\/strong><\/div>\n","protected":false},"excerpt":{"rendered":"<p>Faleceu na tarde deste domingo (06), uma das maiores refer\u00eancias culturais de Santa Cruz do Capibaribe, considerado \u2018o Pai da&hellip;<\/p>\n","protected":false},"author":1,"featured_media":0,"comment_status":"open","ping_status":"open","sticky":false,"template":"","format":"standard","meta":{"footnotes":""},"categories":[1],"tags":[2722,2,2723,6],"class_list":["post-2512","post","type-post","status-publish","format-standard","hentry","category-sem-categoria","tag-o-pai-da-comunicacao-de-santa-cruz-do-capibaribe","tag-blog-do-edvaldo-magalhaes","tag-morre-francisco-amaral","tag-noticias"],"_links":{"self":[{"href":"https:\/\/blogdoedvaldomagalhaes.com.br\/index.php\/wp-json\/wp\/v2\/posts\/2512","targetHints":{"allow":["GET"]}}],"collection":[{"href":"https:\/\/blogdoedvaldomagalhaes.com.br\/index.php\/wp-json\/wp\/v2\/posts"}],"about":[{"href":"https:\/\/blogdoedvaldomagalhaes.com.br\/index.php\/wp-json\/wp\/v2\/types\/post"}],"author":[{"embeddable":true,"href":"https:\/\/blogdoedvaldomagalhaes.com.br\/index.php\/wp-json\/wp\/v2\/users\/1"}],"replies":[{"embeddable":true,"href":"https:\/\/blogdoedvaldomagalhaes.com.br\/index.php\/wp-json\/wp\/v2\/comments?post=2512"}],"version-history":[{"count":1,"href":"https:\/\/blogdoedvaldomagalhaes.com.br\/index.php\/wp-json\/wp\/v2\/posts\/2512\/revisions"}],"predecessor-version":[{"id":30466,"href":"https:\/\/blogdoedvaldomagalhaes.com.br\/index.php\/wp-json\/wp\/v2\/posts\/2512\/revisions\/30466"}],"wp:attachment":[{"href":"https:\/\/blogdoedvaldomagalhaes.com.br\/index.php\/wp-json\/wp\/v2\/media?parent=2512"}],"wp:term":[{"taxonomy":"category","embeddable":true,"href":"https:\/\/blogdoedvaldomagalhaes.com.br\/index.php\/wp-json\/wp\/v2\/categories?post=2512"},{"taxonomy":"post_tag","embeddable":true,"href":"https:\/\/blogdoedvaldomagalhaes.com.br\/index.php\/wp-json\/wp\/v2\/tags?post=2512"}],"curies":[{"name":"wp","href":"https:\/\/api.w.org\/{rel}","templated":true}]}}