{"id":251,"date":"2019-01-10T21:49:00","date_gmt":"2019-01-10T23:49:00","guid":{"rendered":"http:\/\/blogdoedvaldomagalhaes.com.br\/index.php\/2019\/01\/10\/visibilidade-trans-sera-celebrada-co\/"},"modified":"2019-02-09T02:48:59","modified_gmt":"2019-02-09T04:48:59","slug":"visibilidade-trans-sera-celebrada-co","status":"publish","type":"post","link":"https:\/\/blogdoedvaldomagalhaes.com.br\/index.php\/2019\/01\/10\/visibilidade-trans-sera-celebrada-co\/","title":{"rendered":"Visibilidade trans ser\u00e1 celebrada com mutir\u00e3o de cadastramento de programas sociais e interven\u00e7\u00f5es em Caruaru"},"content":{"rendered":"<div class=\"separator\" style=\"clear: both; text-align: center;\">\n<a href=\"https:\/\/2.bp.blogspot.com\/-FxjuuYJtAQ8\/XDe9f_9Jz6I\/AAAAAAABA8E\/ZQERgMPvCrwjrpQM_7r_b8O31jZH06kcACLcBGAs\/s1600\/CARD-VISIBILIDADE-TRANS.jpeg\" imageanchor=\"1\" style=\"margin-left: 1em; margin-right: 1em;\"><img loading=\"lazy\" decoding=\"async\" border=\"0\" data-original-height=\"801\" data-original-width=\"800\" height=\"640\" src=\"http:\/\/blogdoedvaldomagalhaes.com.br\/wp-content\/uploads\/2019\/01\/CARD-VISIBILIDADE-TRANS.jpeg\" width=\"638\" \/><\/a><\/div>\n<p><\/p>\n<div style=\"background-color: white; box-sizing: border-box; color: #222222; line-height: 26px; margin-bottom: 26px; overflow-wrap: break-word; text-align: justify;\">\nEm celebra\u00e7\u00e3o pelo Dia da Visibilidade Trans, pontuado em 29 de janeiro, a Prefeitura de Caruaru, atrav\u00e9s das secretarias de Desenvolvimento Social e Direitos Humanos (SDSDH) e de Pol\u00edticas para Mulheres (SPM), realiza nos dias dez, 24, 30 e 31 deste m\u00eas, o \u201cJaneiro da Visibilidade Trans de Caruaru\u201d. Com o tema: \u201cSou Trans, Quero Respeito, Dignidade e Cidadania\u201d, o evento traz na programa\u00e7\u00e3o diversas interven\u00e7\u00f5es, entre elas, um mutir\u00e3o de cadastramento para programas sociais do Governo Federal que ser\u00e1 realizado para o p\u00fablico trans, nesta quinta-feira (10). A a\u00e7\u00e3o ser\u00e1 na sede do Cad \u00danico de Caruaru, que funciona no mesmo pr\u00e9dio do atendimento do Bolsa Fam\u00edlia, na Rua Armando da Fonte, Bairro Maur\u00edcio de Nassau (por tr\u00e1s do campo do Central), entre 14h e 17h.<\/div>\n<div style=\"background-color: white; box-sizing: border-box; color: #222222; line-height: 26px; margin-bottom: 26px; overflow-wrap: break-word; text-align: justify;\">\nOutro destaque da programa\u00e7\u00e3o \u00e9 a realiza\u00e7\u00e3o do III Semin\u00e1rio de Visibilidade Trans de Caruaru, no encerramento da programa\u00e7\u00e3o do dia 31. Vai ser no audit\u00f3rio da SPM, das 14h \u00e0s 17h, com a abordagem do tema escolhido para esta edi\u00e7\u00e3o. No mesmo dia, ser\u00e1 realizada no Marco Zero da cidade uma atividade alusiva \u00e0 VI Semana Nordestina da Visibilidade Trans com esquetes teatrais, falas pol\u00edticas, apresenta\u00e7\u00e3o cultural e a campanha \u201cMe Abra\u00e7a\u201d, com arte educadores, entre 09h e 11h30.<\/div>\n<div style=\"background-color: white; box-sizing: border-box; color: #222222; line-height: 26px; margin-bottom: 26px; overflow-wrap: break-word; text-align: justify;\">\nO Dia da Visibilidade Trans surgiu em janeiro de 2004 com o advento do lan\u00e7amento da campanha nacional \u201cTravesti e Respeito\u201d, do Minist\u00e9rio da Sa\u00fade. Nesse dia 29 de janeiro, representantes da Articula\u00e7\u00e3o Nacional de Travestis e Transexuais (ANTRA) entraram no Congresso Nacional, em Bras\u00edlia, para lan\u00e7ar nacionalmente a campanha. Dessa iniciativa, as 52 organiza\u00e7\u00f5es afiliadas \u00e0 ANTRA foram orientadas a sair \u00e0s ruas para comemorar a data em todo o pa\u00eds no intuito de reivindicar seus direitos.<\/div>\n<div style=\"background-color: white; box-sizing: border-box; color: #222222; line-height: 26px; margin-bottom: 26px; overflow-wrap: break-word; text-align: justify;\">\nInforma\u00e7\u00f5es: Michelle Veliso\/Assessoria de imprensa.<\/div>\n<div style=\"background-color: white; box-sizing: border-box; color: #222222; font-family: helvetica, &quot;sans serif&quot;; font-size: 15px; line-height: 26px; margin-bottom: 26px; overflow-wrap: break-word;\">\n<\/div>\n","protected":false},"excerpt":{"rendered":"<p>Em celebra\u00e7\u00e3o pelo Dia da Visibilidade Trans, pontuado em 29 de janeiro, a Prefeitura de Caruaru, atrav\u00e9s das secretarias de&hellip;<\/p>\n","protected":false},"author":1,"featured_media":0,"comment_status":"open","ping_status":"open","sticky":false,"template":"","format":"standard","meta":{"footnotes":""},"categories":[1],"tags":[2,6,259],"class_list":["post-251","post","type-post","status-publish","format-standard","hentry","category-sem-categoria","tag-blog-do-edvaldo-magalhaes","tag-noticias","tag-visibilidade-trans-sera-celebrada-com-mutirao-de-cadastramento-de-programas-sociais-e-intervencoes-em-caruar"],"_links":{"self":[{"href":"https:\/\/blogdoedvaldomagalhaes.com.br\/index.php\/wp-json\/wp\/v2\/posts\/251","targetHints":{"allow":["GET"]}}],"collection":[{"href":"https:\/\/blogdoedvaldomagalhaes.com.br\/index.php\/wp-json\/wp\/v2\/posts"}],"about":[{"href":"https:\/\/blogdoedvaldomagalhaes.com.br\/index.php\/wp-json\/wp\/v2\/types\/post"}],"author":[{"embeddable":true,"href":"https:\/\/blogdoedvaldomagalhaes.com.br\/index.php\/wp-json\/wp\/v2\/users\/1"}],"replies":[{"embeddable":true,"href":"https:\/\/blogdoedvaldomagalhaes.com.br\/index.php\/wp-json\/wp\/v2\/comments?post=251"}],"version-history":[{"count":1,"href":"https:\/\/blogdoedvaldomagalhaes.com.br\/index.php\/wp-json\/wp\/v2\/posts\/251\/revisions"}],"predecessor-version":[{"id":37379,"href":"https:\/\/blogdoedvaldomagalhaes.com.br\/index.php\/wp-json\/wp\/v2\/posts\/251\/revisions\/37379"}],"wp:attachment":[{"href":"https:\/\/blogdoedvaldomagalhaes.com.br\/index.php\/wp-json\/wp\/v2\/media?parent=251"}],"wp:term":[{"taxonomy":"category","embeddable":true,"href":"https:\/\/blogdoedvaldomagalhaes.com.br\/index.php\/wp-json\/wp\/v2\/categories?post=251"},{"taxonomy":"post_tag","embeddable":true,"href":"https:\/\/blogdoedvaldomagalhaes.com.br\/index.php\/wp-json\/wp\/v2\/tags?post=251"}],"curies":[{"name":"wp","href":"https:\/\/api.w.org\/{rel}","templated":true}]}}