{"id":2509,"date":"2018-05-07T15:53:00","date_gmt":"2018-05-07T18:53:00","guid":{"rendered":"http:\/\/blogdoedvaldomagalhaes.com.br\/index.php\/2018\/05\/07\/compesa-faz-intervencao-para-melhorar\/"},"modified":"2019-02-09T02:12:27","modified_gmt":"2019-02-09T04:12:27","slug":"compesa-faz-intervencao-para-melhorar","status":"publish","type":"post","link":"https:\/\/blogdoedvaldomagalhaes.com.br\/index.php\/2018\/05\/07\/compesa-faz-intervencao-para-melhorar\/","title":{"rendered":"Compesa faz interven\u00e7\u00e3o para melhorar distribui\u00e7\u00e3o de \u00e1gua na zona leste de Caruaru"},"content":{"rendered":"<div class=\"separator\" style=\"clear: both; text-align: center;\">\n<a href=\"https:\/\/2.bp.blogspot.com\/-KzkpACScv18\/WvB2J3OW7II\/AAAAAAAAwO8\/zsLmZE1A6Ioq9LB4cRUln0yZWDURf4f6QCLcBGAs\/s1600\/m%25C3%25A1rio.jpg\" imageanchor=\"1\" style=\"margin-left: 1em; margin-right: 1em;\"><img loading=\"lazy\" decoding=\"async\" border=\"0\" data-original-height=\"770\" data-original-width=\"960\" height=\"512\" src=\"http:\/\/blogdoedvaldomagalhaes.com.br\/wp-content\/uploads\/2018\/05\/mC3A1rio.jpg\" width=\"640\" \/><\/a><\/div>\n<div class=\"separator\" style=\"clear: both; text-align: center;\">\n<\/div>\n<div style=\"background-color: white; border: 0px; margin-bottom: 1.5em; outline: 0px; padding: 0px; text-align: justify; vertical-align: baseline;\">\nMelhorar a distribui\u00e7\u00e3o de \u00e1gua em Caruaru \u00e9 uma das metas da Companhia Pernambucana de Saneamento-Compesa. Uma a\u00e7\u00e3o com esse objetivo foi desenvolvida pela empresa na \u00faltima nesta sexta-feira (04), quando foi instalado um registro na PE 95, pr\u00f3ximo ao cemit\u00e9rio Parque dos Arcos, a fim de melhorar a distribui\u00e7\u00e3o de \u00e1gua entre os bairros Luiz Gonzaga, Universit\u00e1rio, Fernando Lyra e parte do Maur\u00edcio de Nassau.<\/div>\n<div style=\"background-color: white; border: 0px; margin-bottom: 1.5em; outline: 0px; padding: 0px; text-align: justify; vertical-align: baseline;\">\nSegundo o gerente de Unidade de Neg\u00f3cios da Compesa, M\u00e1rio Heitor Filho, a iniciativa foi planejada ap\u00f3s a constata\u00e7\u00e3o de que a \u00e1gua chegava forte ( press\u00f5es elevadas) em alguns pontos e fraca (queda de vaz\u00e3o) em outros. \u201c Ent\u00e3o, implantamos esse registro para que possamos ter um maior controle sobre a distribui\u00e7\u00e3o\u201d, informou o gerente.<\/div>\n<div style=\"background-color: white; border: 0px; margin-bottom: 1.5em; outline: 0px; padding: 0px; text-align: justify; vertical-align: baseline;\">\nAinda de acordo com M\u00e1rio Heitor, a Compesa ir\u00e1 monitorar o pr\u00f3ximo ciclo de abastecimento desses setores para confirmar os efeitos da a\u00e7\u00e3o executada e fazer algum ajuste, caso seja necess\u00e1rio. O abastecimento dos bairros Universit\u00e1rio e Maur\u00edcio de Nassau ter\u00e1 in\u00edcio no pr\u00f3ximo s\u00e1bado, 12; j\u00e1 o Luiz Gonzaga e o Fernando Lyra receber\u00e3o \u00e1gua entre os dias 17 e 21 de maio. \u201cEstamos atuando sistematicamente para melhorar o abastecimento nos bairros de Caruaru, realizando pesquisas, estudos e desenvolvimento de a\u00e7\u00f5es que visem garantir mais \u00e1gua para os caruaruenses\u201d, completou M\u00e1rio Heitor.<\/div>\n","protected":false},"excerpt":{"rendered":"<p>Melhorar a distribui\u00e7\u00e3o de \u00e1gua em Caruaru \u00e9 uma das metas da Companhia Pernambucana de Saneamento-Compesa. Uma a\u00e7\u00e3o com esse&hellip;<\/p>\n","protected":false},"author":1,"featured_media":0,"comment_status":"open","ping_status":"open","sticky":false,"template":"","format":"standard","meta":{"footnotes":""},"categories":[1],"tags":[2,2718,6],"class_list":["post-2509","post","type-post","status-publish","format-standard","hentry","category-sem-categoria","tag-blog-do-edvaldo-magalhaes","tag-compesa-faz-intervencao-para-melhorar-distribuicao-de-agua-na-zona-leste-de-caruaru","tag-noticias"],"_links":{"self":[{"href":"https:\/\/blogdoedvaldomagalhaes.com.br\/index.php\/wp-json\/wp\/v2\/posts\/2509","targetHints":{"allow":["GET"]}}],"collection":[{"href":"https:\/\/blogdoedvaldomagalhaes.com.br\/index.php\/wp-json\/wp\/v2\/posts"}],"about":[{"href":"https:\/\/blogdoedvaldomagalhaes.com.br\/index.php\/wp-json\/wp\/v2\/types\/post"}],"author":[{"embeddable":true,"href":"https:\/\/blogdoedvaldomagalhaes.com.br\/index.php\/wp-json\/wp\/v2\/users\/1"}],"replies":[{"embeddable":true,"href":"https:\/\/blogdoedvaldomagalhaes.com.br\/index.php\/wp-json\/wp\/v2\/comments?post=2509"}],"version-history":[{"count":1,"href":"https:\/\/blogdoedvaldomagalhaes.com.br\/index.php\/wp-json\/wp\/v2\/posts\/2509\/revisions"}],"predecessor-version":[{"id":30473,"href":"https:\/\/blogdoedvaldomagalhaes.com.br\/index.php\/wp-json\/wp\/v2\/posts\/2509\/revisions\/30473"}],"wp:attachment":[{"href":"https:\/\/blogdoedvaldomagalhaes.com.br\/index.php\/wp-json\/wp\/v2\/media?parent=2509"}],"wp:term":[{"taxonomy":"category","embeddable":true,"href":"https:\/\/blogdoedvaldomagalhaes.com.br\/index.php\/wp-json\/wp\/v2\/categories?post=2509"},{"taxonomy":"post_tag","embeddable":true,"href":"https:\/\/blogdoedvaldomagalhaes.com.br\/index.php\/wp-json\/wp\/v2\/tags?post=2509"}],"curies":[{"name":"wp","href":"https:\/\/api.w.org\/{rel}","templated":true}]}}