{"id":2508,"date":"2018-05-07T15:59:00","date_gmt":"2018-05-07T18:59:00","guid":{"rendered":"http:\/\/blogdoedvaldomagalhaes.com.br\/index.php\/2018\/05\/07\/inscricoes-para-o-enem-2018-estao\/"},"modified":"2019-02-09T02:12:27","modified_gmt":"2019-02-09T04:12:27","slug":"inscricoes-para-o-enem-2018-estao","status":"publish","type":"post","link":"https:\/\/blogdoedvaldomagalhaes.com.br\/index.php\/2018\/05\/07\/inscricoes-para-o-enem-2018-estao\/","title":{"rendered":"Inscri\u00e7\u00f5es para o Enem 2018 est\u00e3o abertas"},"content":{"rendered":"<div class=\"mc-column content-text active-extra-styles active-capital-letter\" data-block-id=\"2\" data-block-type=\"unstyled\" data-block-weight=\"74\" style=\"background-color: white; border: 0px; margin: 0px; outline: 0px; padding: 0px; vertical-align: baseline;\">\n<div class=\"separator\" style=\"clear: both; text-align: center;\">\n<a href=\"https:\/\/1.bp.blogspot.com\/-8RYsbfkbMrs\/WvB3v27141I\/AAAAAAAAwPI\/lpXL4eISLOU-shn8Yy9CjmQ6F39-8jy7ACLcBGAs\/s1600\/enenm.jpg\" imageanchor=\"1\" style=\"margin-left: 1em; margin-right: 1em;\"><img loading=\"lazy\" decoding=\"async\" border=\"0\" data-original-height=\"540\" data-original-width=\"780\" height=\"442\" src=\"http:\/\/blogdoedvaldomagalhaes.com.br\/wp-content\/uploads\/2018\/05\/enenm.jpg\" width=\"640\" \/><\/a><\/div>\n<div class=\"content-text__container theme-color-primary-first-letter\" data-track-category=\"Link no Texto\" data-track-links=\"\" style=\"border: 0px; font-style: inherit; font-weight: inherit; margin-bottom: 1.5em; outline: 0px; padding: 0px; text-align: justify; vertical-align: baseline;\">\n<\/div>\n<div class=\"content-text__container theme-color-primary-first-letter\" data-track-category=\"Link no Texto\" data-track-links=\"\" style=\"border: 0px; font-style: inherit; font-weight: inherit; margin-bottom: 1.5em; outline: 0px; padding: 0px; text-align: justify; vertical-align: baseline;\">\nAs inscri\u00e7\u00f5es para o Exame Nacional do Ensino M\u00e9dio (<a href=\"http:\/\/g1.globo.com\/educacao\/enem\/2018\/\" style=\"border: 0px; font-style: inherit; font-weight: inherit; margin: 0px; outline: 0px; padding: 0px; vertical-align: baseline;\">Enem<\/a>) 2018 foram abertas&nbsp;<a href=\"https:\/\/enem.inep.gov.br\/participante\/#!\/inicial\" rel=\"noopener\" style=\"border: 0px; font-style: inherit; font-weight: inherit; margin: 0px; outline: 0px; padding: 0px; vertical-align: baseline;\" target=\"_blank\">no site<\/a>&nbsp;\u00e0s 10h desta segunda-feira (7) e ir\u00e3o at\u00e9 o dia 18 de maio, \u00e0s 23h59, segundo o manual do candidato. Todos os interessados em participar da prova devem faz\u00ea-la, inclusive aqueles que conseguiram a isen\u00e7\u00e3o da taxa de R$ 82. A&nbsp;<a href=\"https:\/\/g1.globo.com\/educacao\/enem\/2018\/noticia\/enem-2018-resultado-do-pedido-de-isencao-da-taxa-de-inscricao-e-divulgado.ghtml\" style=\"border: 0px; font-style: inherit; font-weight: inherit; margin: 0px; outline: 0px; padding: 0px; vertical-align: baseline;\">aprova\u00e7\u00e3o do pedido de isen\u00e7\u00e3o<\/a>, que foi feito em um per\u00edodo anterior, n\u00e3o significa estar inscrito no exame.<\/div>\n<\/div>\n<div class=\"mc-column content-text active-extra-styles \" data-block-id=\"4\" data-block-type=\"unstyled\" data-block-weight=\"55\" style=\"background-color: white; border: 0px; margin: 0px; outline: 0px; padding: 0px; vertical-align: baseline;\">\n<div class=\"content-text__container \" data-track-category=\"Link no Texto\" data-track-links=\"\" style=\"border: 0px; font-style: inherit; font-weight: inherit; margin-bottom: 1.5em; outline: 0px; padding: 0px; text-align: justify; vertical-align: baseline;\">\nNo caso dos estudantes que ter\u00e3o de pagar esse valor para se inscrever, o prazo m\u00e1ximo para quitar o boleto banc\u00e1rio \u00e9 o dia 23 de maio. Mesmo que haja um feriado regional e os bancos n\u00e3o funcionem, a data-limite n\u00e3o ser\u00e1 alterada, segundo o Instituto Nacional de Estudos e Pesquisas Educacionais An\u00edsio Teixeira (Inep).<\/div>\n<\/div>\n<div class=\"mc-column content-text active-extra-styles \" data-block-id=\"5\" data-block-type=\"unstyled\" data-block-weight=\"56\" style=\"background-color: white; border: 0px; margin: 0px; outline: 0px; padding: 0px; vertical-align: baseline;\">\n<div class=\"content-text__container \" data-track-category=\"Link no Texto\" data-track-links=\"\" style=\"border: 0px; font-style: inherit; font-weight: inherit; margin-bottom: 1.5em; outline: 0px; padding: 0px; text-align: justify; vertical-align: baseline;\">\nPara fazer a inscri\u00e7\u00e3o, \u00e9 necess\u00e1rio informar o n\u00famero do CPF e do RG para que seja criada uma senha. \u00c9 ela que dar\u00e1 acesso futuramente ao cart\u00e3o de confirma\u00e7\u00e3o e aos resultados, por exemplo. Tamb\u00e9m \u00e9 preciso ter um n\u00famero de celular e um e-mail v\u00e1lidos, para que o Inep envie comunicados diretamente aos candidatos.<\/div>\n<\/div>\n<div class=\"mc-column content-text active-extra-styles \" data-block-id=\"6\" data-block-type=\"unstyled\" data-block-weight=\"45\" style=\"background-color: white; border: 0px; margin: 0px; outline: 0px; padding: 0px; vertical-align: baseline;\">\n<div class=\"content-text__container \" data-track-category=\"Link no Texto\" data-track-links=\"\" style=\"border: 0px; font-style: inherit; font-weight: inherit; margin-bottom: 1.5em; outline: 0px; padding: 0px; text-align: justify; vertical-align: baseline;\">\nAl\u00e9m desses dados, os estudantes t\u00eam de afirmar se necessitam de algum atendimento especializado no dia da prova (como para pessoas com defici\u00eancia ou lactantes). Em outra etapa da inscri\u00e7\u00e3o, precisam marcar se a l\u00edngua estrangeira cobrada na prova ser\u00e1 o ingl\u00eas ou o espanhol.<\/div>\n<\/div>\n","protected":false},"excerpt":{"rendered":"<p>As inscri\u00e7\u00f5es para o Exame Nacional do Ensino M\u00e9dio (Enem) 2018 foram abertas&nbsp;no site&nbsp;\u00e0s 10h desta segunda-feira (7) e ir\u00e3o&hellip;<\/p>\n","protected":false},"author":1,"featured_media":0,"comment_status":"open","ping_status":"open","sticky":false,"template":"","format":"standard","meta":{"footnotes":""},"categories":[1],"tags":[2717,6],"class_list":["post-2508","post","type-post","status-publish","format-standard","hentry","category-sem-categoria","tag-inscricoes-para-o-enem-2018-estao-abertas","tag-noticias"],"_links":{"self":[{"href":"https:\/\/blogdoedvaldomagalhaes.com.br\/index.php\/wp-json\/wp\/v2\/posts\/2508","targetHints":{"allow":["GET"]}}],"collection":[{"href":"https:\/\/blogdoedvaldomagalhaes.com.br\/index.php\/wp-json\/wp\/v2\/posts"}],"about":[{"href":"https:\/\/blogdoedvaldomagalhaes.com.br\/index.php\/wp-json\/wp\/v2\/types\/post"}],"author":[{"embeddable":true,"href":"https:\/\/blogdoedvaldomagalhaes.com.br\/index.php\/wp-json\/wp\/v2\/users\/1"}],"replies":[{"embeddable":true,"href":"https:\/\/blogdoedvaldomagalhaes.com.br\/index.php\/wp-json\/wp\/v2\/comments?post=2508"}],"version-history":[{"count":1,"href":"https:\/\/blogdoedvaldomagalhaes.com.br\/index.php\/wp-json\/wp\/v2\/posts\/2508\/revisions"}],"predecessor-version":[{"id":30475,"href":"https:\/\/blogdoedvaldomagalhaes.com.br\/index.php\/wp-json\/wp\/v2\/posts\/2508\/revisions\/30475"}],"wp:attachment":[{"href":"https:\/\/blogdoedvaldomagalhaes.com.br\/index.php\/wp-json\/wp\/v2\/media?parent=2508"}],"wp:term":[{"taxonomy":"category","embeddable":true,"href":"https:\/\/blogdoedvaldomagalhaes.com.br\/index.php\/wp-json\/wp\/v2\/categories?post=2508"},{"taxonomy":"post_tag","embeddable":true,"href":"https:\/\/blogdoedvaldomagalhaes.com.br\/index.php\/wp-json\/wp\/v2\/tags?post=2508"}],"curies":[{"name":"wp","href":"https:\/\/api.w.org\/{rel}","templated":true}]}}