{"id":2507,"date":"2018-05-07T16:03:00","date_gmt":"2018-05-07T19:03:00","guid":{"rendered":"http:\/\/blogdoedvaldomagalhaes.com.br\/index.php\/2018\/05\/07\/prazo-para-regularizar-titulo-eleitora\/"},"modified":"2019-02-09T02:12:28","modified_gmt":"2019-02-09T04:12:28","slug":"prazo-para-regularizar-titulo-eleitora","status":"publish","type":"post","link":"https:\/\/blogdoedvaldomagalhaes.com.br\/index.php\/2018\/05\/07\/prazo-para-regularizar-titulo-eleitora\/","title":{"rendered":"Prazo para regularizar t\u00edtulo eleitoral termina nesta quarta-feira (9)"},"content":{"rendered":"<div class=\"separator\" style=\"clear: both; text-align: center;\">\n<a href=\"https:\/\/1.bp.blogspot.com\/-7E1UK56FVC8\/WvB4sjsCljI\/AAAAAAAAwPQ\/oxqmYFJwhSoO0-VGCbqX86iGaIw3qIVMwCLcBGAs\/s1600\/te.jpg\" imageanchor=\"1\" style=\"margin-left: 1em; margin-right: 1em;\"><img loading=\"lazy\" decoding=\"async\" border=\"0\" data-original-height=\"350\" data-original-width=\"620\" height=\"360\" src=\"http:\/\/blogdoedvaldomagalhaes.com.br\/wp-content\/uploads\/2018\/05\/te.jpg\" width=\"640\" \/><\/a><\/div>\n<div class=\"separator\" style=\"clear: both; text-align: center;\">\nFoto ilustrativa<\/div>\n<div class=\"separator\" style=\"clear: both; text-align: center;\">\n<\/div>\n<div style=\"background-color: white; border: 0px; margin-bottom: 1.5em; outline: 0px; padding: 0px; text-align: justify; vertical-align: baseline;\">\nOs cidad\u00e3os brasileiros que pretendem votar nas Elei\u00e7\u00f5es Gerais de 2018 t\u00eam at\u00e9 o dia 9 de maio (151 dias antes do pleito) para solicitar \u00e0 Justi\u00e7a Eleitoral seu t\u00edtulo de eleitor. O prazo tamb\u00e9m vale para os eleitores alterarem seus dados cadastrais ou transferirem seu domic\u00edlio eleitoral. O primeiro turno das elei\u00e7\u00f5es deste ano ser\u00e1 realizado no dia 7 de outubro.<\/div>\n<div style=\"-webkit-text-stroke-width: 0px; background-color: white; border: 0px; font-style: normal; font-variant-caps: normal; font-variant-ligatures: normal; font-weight: 400; letter-spacing: normal; margin: 0px 0px 1.5em; orphans: 2; outline: 0px; padding: 0px; text-align: justify; text-decoration-color: initial; text-decoration-style: initial; text-indent: 0px; text-transform: none; vertical-align: baseline; white-space: normal; widows: 2; word-spacing: 0px;\">\nDe acordo com o Calend\u00e1rio Eleitoral 2018, 9 de maio \u00e9 ainda a data-limite para que o eleitor com defici\u00eancia ou mobilidade reduzida solicite sua transfer\u00eancia para uma se\u00e7\u00e3o eleitoral com acessibilidade. Do mesmo modo, esse \u00e9 o prazo para que os presos provis\u00f3rios e os adolescentes internados que n\u00e3o possuam t\u00edtulo regular fa\u00e7am o alistamento eleitoral ou solicitem a regulariza\u00e7\u00e3o de sua situa\u00e7\u00e3o para votar em outubro.<\/p>\n<div style=\"text-align: justify;\">\nAo se dirigir ao Cart\u00f3rio Eleitoral, o cidad\u00e3o deve levar consigo os seguintes documentos: t\u00edtulo de eleitor, caso o possua; um comprovante de resid\u00eancia (sempre que poss\u00edvel, em nome do eleitor e, para os casos de transfer\u00eancia, com anteced\u00eancia m\u00ednima de tr\u00eas meses); um documento oficial de identifica\u00e7\u00e3o pessoal contendo, no m\u00ednimo, nome, filia\u00e7\u00e3o, data de nascimento e nacionalidade; e o comprovante de quita\u00e7\u00e3o militar, quando do sexo masculino.<\/div>\n<\/div>\n","protected":false},"excerpt":{"rendered":"<p>Foto ilustrativa Os cidad\u00e3os brasileiros que pretendem votar nas Elei\u00e7\u00f5es Gerais de 2018 t\u00eam at\u00e9 o dia 9 de maio&hellip;<\/p>\n","protected":false},"author":1,"featured_media":0,"comment_status":"open","ping_status":"open","sticky":false,"template":"","format":"standard","meta":{"footnotes":""},"categories":[1],"tags":[2,20,2716],"class_list":["post-2507","post","type-post","status-publish","format-standard","hentry","category-sem-categoria","tag-blog-do-edvaldo-magalhaes","tag-politica","tag-prazo-para-regularizar-titulo-eleitoral-termina-nesta-quarta-feira-9"],"_links":{"self":[{"href":"https:\/\/blogdoedvaldomagalhaes.com.br\/index.php\/wp-json\/wp\/v2\/posts\/2507","targetHints":{"allow":["GET"]}}],"collection":[{"href":"https:\/\/blogdoedvaldomagalhaes.com.br\/index.php\/wp-json\/wp\/v2\/posts"}],"about":[{"href":"https:\/\/blogdoedvaldomagalhaes.com.br\/index.php\/wp-json\/wp\/v2\/types\/post"}],"author":[{"embeddable":true,"href":"https:\/\/blogdoedvaldomagalhaes.com.br\/index.php\/wp-json\/wp\/v2\/users\/1"}],"replies":[{"embeddable":true,"href":"https:\/\/blogdoedvaldomagalhaes.com.br\/index.php\/wp-json\/wp\/v2\/comments?post=2507"}],"version-history":[{"count":1,"href":"https:\/\/blogdoedvaldomagalhaes.com.br\/index.php\/wp-json\/wp\/v2\/posts\/2507\/revisions"}],"predecessor-version":[{"id":30477,"href":"https:\/\/blogdoedvaldomagalhaes.com.br\/index.php\/wp-json\/wp\/v2\/posts\/2507\/revisions\/30477"}],"wp:attachment":[{"href":"https:\/\/blogdoedvaldomagalhaes.com.br\/index.php\/wp-json\/wp\/v2\/media?parent=2507"}],"wp:term":[{"taxonomy":"category","embeddable":true,"href":"https:\/\/blogdoedvaldomagalhaes.com.br\/index.php\/wp-json\/wp\/v2\/categories?post=2507"},{"taxonomy":"post_tag","embeddable":true,"href":"https:\/\/blogdoedvaldomagalhaes.com.br\/index.php\/wp-json\/wp\/v2\/tags?post=2507"}],"curies":[{"name":"wp","href":"https:\/\/api.w.org\/{rel}","templated":true}]}}