{"id":2506,"date":"2018-05-07T17:31:00","date_gmt":"2018-05-07T20:31:00","guid":{"rendered":"http:\/\/blogdoedvaldomagalhaes.com.br\/index.php\/2018\/05\/07\/micro-e-pequenas-empresas-e-meis-te\/"},"modified":"2019-02-09T02:12:30","modified_gmt":"2019-02-09T04:12:30","slug":"micro-e-pequenas-empresas-e-meis-te","status":"publish","type":"post","link":"https:\/\/blogdoedvaldomagalhaes.com.br\/index.php\/2018\/05\/07\/micro-e-pequenas-empresas-e-meis-te\/","title":{"rendered":"Micro e pequenas empresas e MEI\u2019s t\u00eam at\u00e9 9 de julho para aderirem ao Refis"},"content":{"rendered":"<div class=\"separator\" style=\"clear: both; text-align: center;\">\n<a href=\"https:\/\/2.bp.blogspot.com\/-981Um7wTPWA\/WvCNTg4QYFI\/AAAAAAAAwPw\/J0FWXW8_Vzk8PD87oCK7J44QsmJVmltgwCLcBGAs\/s1600\/refis.jpg\" imageanchor=\"1\" style=\"margin-left: 1em; margin-right: 1em;\"><img loading=\"lazy\" decoding=\"async\" border=\"0\" data-original-height=\"310\" data-original-width=\"555\" height=\"352\" src=\"http:\/\/blogdoedvaldomagalhaes.com.br\/wp-content\/uploads\/2018\/05\/refis.jpg\" width=\"640\" \/><\/a><\/div>\n<div style=\"text-align: justify;\">\n<\/div>\n<div style=\"text-align: justify;\">\nOs micro e pequenos empres\u00e1rios que est\u00e3o com d\u00edvidas com a Uni\u00e3o podem aderir ao Programa Especial de Regulariza\u00e7\u00e3o Tribut\u00e1ria das Microempresas e Empresas de Pequeno Porte (Refis). A iniciativa oferece o parcelamento do d\u00e9bito e descontos de at\u00e9 90% sobre atrasos, de acordo com a modalidade de ades\u00e3o. O prazo para inscri\u00e7\u00f5es vai at\u00e9 9 de julho, as 21h.<\/div>\n","protected":false},"excerpt":{"rendered":"<p>Os micro e pequenos empres\u00e1rios que est\u00e3o com d\u00edvidas com a Uni\u00e3o podem aderir ao Programa Especial de Regulariza\u00e7\u00e3o Tribut\u00e1ria&hellip;<\/p>\n","protected":false},"author":1,"featured_media":0,"comment_status":"open","ping_status":"open","sticky":false,"template":"","format":"standard","meta":{"footnotes":""},"categories":[1],"tags":[2,2715,6],"class_list":["post-2506","post","type-post","status-publish","format-standard","hentry","category-sem-categoria","tag-blog-do-edvaldo-magalhaes","tag-micro-e-pequenas-empresas-e-meis-tem-ate-9-de-julho-para-aderirem-ao-refis","tag-noticias"],"_links":{"self":[{"href":"https:\/\/blogdoedvaldomagalhaes.com.br\/index.php\/wp-json\/wp\/v2\/posts\/2506","targetHints":{"allow":["GET"]}}],"collection":[{"href":"https:\/\/blogdoedvaldomagalhaes.com.br\/index.php\/wp-json\/wp\/v2\/posts"}],"about":[{"href":"https:\/\/blogdoedvaldomagalhaes.com.br\/index.php\/wp-json\/wp\/v2\/types\/post"}],"author":[{"embeddable":true,"href":"https:\/\/blogdoedvaldomagalhaes.com.br\/index.php\/wp-json\/wp\/v2\/users\/1"}],"replies":[{"embeddable":true,"href":"https:\/\/blogdoedvaldomagalhaes.com.br\/index.php\/wp-json\/wp\/v2\/comments?post=2506"}],"version-history":[{"count":1,"href":"https:\/\/blogdoedvaldomagalhaes.com.br\/index.php\/wp-json\/wp\/v2\/posts\/2506\/revisions"}],"predecessor-version":[{"id":30479,"href":"https:\/\/blogdoedvaldomagalhaes.com.br\/index.php\/wp-json\/wp\/v2\/posts\/2506\/revisions\/30479"}],"wp:attachment":[{"href":"https:\/\/blogdoedvaldomagalhaes.com.br\/index.php\/wp-json\/wp\/v2\/media?parent=2506"}],"wp:term":[{"taxonomy":"category","embeddable":true,"href":"https:\/\/blogdoedvaldomagalhaes.com.br\/index.php\/wp-json\/wp\/v2\/categories?post=2506"},{"taxonomy":"post_tag","embeddable":true,"href":"https:\/\/blogdoedvaldomagalhaes.com.br\/index.php\/wp-json\/wp\/v2\/tags?post=2506"}],"curies":[{"name":"wp","href":"https:\/\/api.w.org\/{rel}","templated":true}]}}