{"id":2505,"date":"2018-05-07T17:36:00","date_gmt":"2018-05-07T20:36:00","guid":{"rendered":"http:\/\/blogdoedvaldomagalhaes.com.br\/index.php\/2018\/05\/07\/delegado-lessa-lanca-pre-candidatura\/"},"modified":"2019-02-09T02:12:30","modified_gmt":"2019-02-09T04:12:30","slug":"delegado-lessa-lanca-pre-candidatura","status":"publish","type":"post","link":"https:\/\/blogdoedvaldomagalhaes.com.br\/index.php\/2018\/05\/07\/delegado-lessa-lanca-pre-candidatura\/","title":{"rendered":"Delegado Lessa lan\u00e7a pr\u00e9-candidatura a deputado estadual"},"content":{"rendered":"<div class=\"separator\" style=\"clear: both; text-align: center;\">\n<a href=\"https:\/\/2.bp.blogspot.com\/-gZ6cu7xKdS0\/WvCOPYYrPBI\/AAAAAAAAwP4\/1hAp9WIbaXsB3nEg8pgbLAYgvYaP7d4ogCLcBGAs\/s1600\/1.jpeg\" imageanchor=\"1\" style=\"margin-left: 1em; margin-right: 1em;\"><img loading=\"lazy\" decoding=\"async\" border=\"0\" data-original-height=\"622\" data-original-width=\"1280\" height=\"310\" src=\"http:\/\/blogdoedvaldomagalhaes.com.br\/wp-content\/uploads\/2018\/05\/1.jpeg\" width=\"640\" \/><\/a><\/div>\n<div class=\"MsoNormal\" style=\"text-align: justify;\">\n<\/div>\n<div class=\"MsoNormal\" style=\"text-align: justify;\">\nEm um ato que marcou o in\u00edcio de sua<br \/>\npr\u00e9-candidatura a deputado estadual, o Delegado Lessa reuniu mais de 300<br \/>\n pessoas para prestigiar a 2\u00aa Feijoada da Fam\u00edlia. O evento ocorreu no<br \/>\nEspa\u00e7o Foutaine, em Caruaru, na tarde do \u00faltimo s\u00e1bado (05).<u><\/u><u><\/u><\/div>\n<div class=\"MsoNormal\" style=\"text-align: justify;\">\n<\/div>\n<div class=\"separator\" style=\"clear: both; text-align: center;\">\n<a href=\"https:\/\/2.bp.blogspot.com\/-OX9FFrZh3z4\/WvCOWbdVLzI\/AAAAAAAAwP8\/ytCih2wDobEhyDYv-bYATi1_X5MsInkJgCLcBGAs\/s1600\/2.jpeg\" imageanchor=\"1\" style=\"margin-left: 1em; margin-right: 1em;\"><img loading=\"lazy\" decoding=\"async\" border=\"0\" data-original-height=\"622\" data-original-width=\"1280\" height=\"310\" src=\"http:\/\/blogdoedvaldomagalhaes.com.br\/wp-content\/uploads\/2018\/05\/2.jpeg\" width=\"640\" \/><\/a><\/div>\n<p><u><\/u><\/p>\n<div class=\"MsoNormal\" style=\"text-align: justify;\">\n<\/div>\n<div class=\"MsoNormal\" style=\"text-align: justify;\">\nLideran\u00e7as de cidades como Caruaru, Gravat\u00e1,<br \/>\nBezerros, S\u00e3o Caetano, Belo Jardim, Santa Cruz do Capibaribe, Toritama,<br \/>\nS\u00e3o Benedito do Sul, Recife, entre outras, prestigiaram a Feijoada.<u><\/u><u><\/u><\/div>\n<div class=\"MsoNormal\" style=\"text-align: justify;\">\n<\/div>\n<div class=\"separator\" style=\"clear: both; text-align: center;\">\n<a href=\"https:\/\/2.bp.blogspot.com\/-WKvHHdPVWfE\/WvCObZTK1pI\/AAAAAAAAwQA\/xylExSGYcHsyI6OV7-L3YmABL8UTnpXugCLcBGAs\/s1600\/3.jpeg\" imageanchor=\"1\" style=\"margin-left: 1em; margin-right: 1em;\"><img loading=\"lazy\" decoding=\"async\" border=\"0\" data-original-height=\"622\" data-original-width=\"1280\" height=\"310\" src=\"http:\/\/blogdoedvaldomagalhaes.com.br\/wp-content\/uploads\/2018\/05\/3.jpeg\" width=\"640\" \/><\/a><\/div>\n<p><u><\/u><\/p>\n<div class=\"MsoNormal\" style=\"text-align: justify;\">\n<\/div>\n<div class=\"MsoNormal\" style=\"text-align: justify;\">\nNa ocasi\u00e3o, o Delegado Lessa apresentou as tr\u00eas<br \/>\nbandeiras b\u00e1sicas de sua pr\u00e9-candidatura: efici\u00eancia na seguran\u00e7a<br \/>\np\u00fablica; combate \u00e0 corrup\u00e7\u00e3o e defesa da fam\u00edlia. \u201cAs pessoas est\u00e3o<br \/>\ncansadas de uma pol\u00edtica velha, baseada na troca de favores.<br \/>\n Queremos uma pol\u00edtica nova, que preze pela excel\u00eancia no servi\u00e7o<br \/>\np\u00fablico e atenda aos anseios da sociedade\u201d, declarou o Delegado Lessa.<u><\/u><u><\/u><\/div>\n<div class=\"MsoNormal\" style=\"text-align: justify;\">\n<\/div>\n<div class=\"separator\" style=\"clear: both; text-align: center;\">\n<a href=\"https:\/\/4.bp.blogspot.com\/-ljoAAyBqnz8\/WvCOhJt2CxI\/AAAAAAAAwQE\/7uz2AoYT15MzvRFVa-pHoNll1WmhqCz3gCLcBGAs\/s1600\/4.jpeg\" imageanchor=\"1\" style=\"margin-left: 1em; margin-right: 1em;\"><img loading=\"lazy\" decoding=\"async\" border=\"0\" data-original-height=\"622\" data-original-width=\"1280\" height=\"310\" src=\"http:\/\/blogdoedvaldomagalhaes.com.br\/wp-content\/uploads\/2018\/05\/4.jpeg\" width=\"640\" \/><\/a><\/div>\n<p><u><\/u><\/p>\n<div class=\"MsoNormal\" style=\"text-align: justify;\">\n<\/div>\n<div class=\"MsoNormal\" style=\"text-align: justify;\">\nPode-se afirmar que o Delegado Lessa foi o grande<br \/>\ndestaque das elei\u00e7\u00f5es no munic\u00edpio de Caruaru em 2016, obtendo 41.102<br \/>\nvotos para o cargo de prefeito.<\/div>\n","protected":false},"excerpt":{"rendered":"<p>Em um ato que marcou o in\u00edcio de sua pr\u00e9-candidatura a deputado estadual, o Delegado Lessa reuniu mais de 300&hellip;<\/p>\n","protected":false},"author":1,"featured_media":0,"comment_status":"open","ping_status":"open","sticky":false,"template":"","format":"standard","meta":{"footnotes":""},"categories":[1],"tags":[2,2714,20],"class_list":["post-2505","post","type-post","status-publish","format-standard","hentry","category-sem-categoria","tag-blog-do-edvaldo-magalhaes","tag-delegado-lessa-lanca-pre-candidatura-a-deputado-estadual","tag-politica"],"_links":{"self":[{"href":"https:\/\/blogdoedvaldomagalhaes.com.br\/index.php\/wp-json\/wp\/v2\/posts\/2505","targetHints":{"allow":["GET"]}}],"collection":[{"href":"https:\/\/blogdoedvaldomagalhaes.com.br\/index.php\/wp-json\/wp\/v2\/posts"}],"about":[{"href":"https:\/\/blogdoedvaldomagalhaes.com.br\/index.php\/wp-json\/wp\/v2\/types\/post"}],"author":[{"embeddable":true,"href":"https:\/\/blogdoedvaldomagalhaes.com.br\/index.php\/wp-json\/wp\/v2\/users\/1"}],"replies":[{"embeddable":true,"href":"https:\/\/blogdoedvaldomagalhaes.com.br\/index.php\/wp-json\/wp\/v2\/comments?post=2505"}],"version-history":[{"count":1,"href":"https:\/\/blogdoedvaldomagalhaes.com.br\/index.php\/wp-json\/wp\/v2\/posts\/2505\/revisions"}],"predecessor-version":[{"id":30484,"href":"https:\/\/blogdoedvaldomagalhaes.com.br\/index.php\/wp-json\/wp\/v2\/posts\/2505\/revisions\/30484"}],"wp:attachment":[{"href":"https:\/\/blogdoedvaldomagalhaes.com.br\/index.php\/wp-json\/wp\/v2\/media?parent=2505"}],"wp:term":[{"taxonomy":"category","embeddable":true,"href":"https:\/\/blogdoedvaldomagalhaes.com.br\/index.php\/wp-json\/wp\/v2\/categories?post=2505"},{"taxonomy":"post_tag","embeddable":true,"href":"https:\/\/blogdoedvaldomagalhaes.com.br\/index.php\/wp-json\/wp\/v2\/tags?post=2505"}],"curies":[{"name":"wp","href":"https:\/\/api.w.org\/{rel}","templated":true}]}}