{"id":2504,"date":"2018-05-07T17:53:00","date_gmt":"2018-05-07T20:53:00","guid":{"rendered":"http:\/\/blogdoedvaldomagalhaes.com.br\/index.php\/2018\/05\/07\/futebol-amador-de-caruaru-de-luto-morre\/"},"modified":"2019-02-09T02:12:31","modified_gmt":"2019-02-09T04:12:31","slug":"futebol-amador-de-caruaru-de-luto-morre","status":"publish","type":"post","link":"https:\/\/blogdoedvaldomagalhaes.com.br\/index.php\/2018\/05\/07\/futebol-amador-de-caruaru-de-luto-morre\/","title":{"rendered":"Futebol Amador de Caruaru de Luto: Morre Marinaldo Gomes ex-presidente do Teimoso Futebol Clube"},"content":{"rendered":"<div class=\"separator\" style=\"clear: both; text-align: center;\">\n<a href=\"https:\/\/4.bp.blogspot.com\/-B_VtK7savm0\/WvCSApzGpcI\/AAAAAAAAwQY\/eT2reXLOe0UTUvACzJGa9xbSOWZkq8jkACLcBGAs\/s1600\/teimoso.jpg\" imageanchor=\"1\" style=\"margin-left: 1em; margin-right: 1em;\"><img loading=\"lazy\" decoding=\"async\" border=\"0\" data-original-height=\"333\" data-original-width=\"205\" height=\"640\" src=\"http:\/\/blogdoedvaldomagalhaes.com.br\/wp-content\/uploads\/2018\/05\/teimoso.jpg\" width=\"390\" \/><\/a><\/div>\n<p><\/p>\n<div style=\"text-align: justify;\">\nFaleceu nesta segunda-feira (07), na UTI de hospital na cidade de Campina Grande-PB, o ex-presidente do Teimoso Futebol Clube, Marinaldo Gomes, deixando o futebol amador de Caruaru de Luto.&nbsp;<\/p>\n<p>O vel\u00f3rio come\u00e7a \u00e0s 17h no Dom Bosco, e o sepultamento ser\u00e1 \u00e0s 8h da manh\u00e3 desta ter\u00e7a-feira (08), no Cemit\u00e9rio Dom Bosco, em Caruaru.<\/p>\n<div class=\"separator\" style=\"clear: both; text-align: center;\">\n<a href=\"https:\/\/1.bp.blogspot.com\/-DM9wdJJRmKU\/WvCX3Cn2MLI\/AAAAAAAAwQo\/EM_k8fRScFgF9g8NSTkmE0-TkSrC5YJdQCLcBGAs\/s1600\/luto.jpg\" imageanchor=\"1\" style=\"margin-left: 1em; margin-right: 1em;\"><img loading=\"lazy\" decoding=\"async\" border=\"0\" data-original-height=\"331\" data-original-width=\"340\" height=\"622\" src=\"http:\/\/blogdoedvaldomagalhaes.com.br\/wp-content\/uploads\/2018\/05\/luto.jpg\" width=\"640\" \/><\/a><\/div>\n<p><b>Leia as mensagens postadas no Facebook:<\/b><\/p>\n<p><b>Teimoso F.C.<\/b> \u00e9 com grande pesar que venho comunicar a todos o falecimento de nosso diretor Marinaldo Gomes. Grande homem batalhador que dedicou boa parte de sua vida ao nosso Teimoso Futebol Clube !<\/p>\n<p>O time<b> UNI\u00c3O<\/b> lamenta profundamente o falecimento do ex presidente e diretor MARINALDO do Teimoso Futebol Clube&#8230;. Que DEUS o receba de bracos abertos ,e console o cora\u00e7\u00e3o dos amigos e familiares.<\/p>\n<p>O <b>Cruzeiro De Baiano<\/b> fica muito triste pala grande perca desse cara que era um grande homem vai com Deus Marinaldo<\/p>\n<p><b>Roberto Sousa <\/b>meu Deus que not\u00edcia triste, Deus conforte toda fam\u00edlia. J\u00e1 tinha conhecimento da luta pela vida, meus sentimentos a toda fam\u00edlia<\/p>\n<p><b>Heliton Melo <\/b>meus sentimentos fam\u00edlia, e todos que fazem o Teimoso Futebol Clube<\/p>\n<p><b>Michele Simplicio<\/b> Meus sentimentos muitas for\u00e7as para fam\u00edlia nesse momento dif\u00edcil Deus aben\u00e7oe<\/p>\n<p><b>Bill Soares <\/b>Meus sentimentos para voc\u00ea e todos os seus familiares<\/p>\n<p><b>Nadia Maria<\/b> Meus sentimentos que Deus conforte e console todos os parentes Familiares e amigos<\/p>\n<p><b>Macos Barbosa <\/b>estou muito triste com essa not\u00edcia, meus sentimentos pra toda fam\u00edlia<\/p>\n<p><b>Maria Helena<\/b> Meus sentimentos irm\u00e3o que triste conhe\u00e7o Marinaldo desde minha adolesc\u00eancia ele era da nossa turma de amigos<\/p>\n<p><b>Zaqueu Alves<\/b> Meus p\u00easames a vc meu irm\u00e3o J\u00fanior, que o senhor Jesus Cristo conforte vc e toda sua fam\u00edlia, sei que n\u00e3o \u00e9 f\u00e1cil o momento dif\u00edcil em que todos da fam\u00edlia est\u00e3o passando, mais sejam fortes porque no mundo tereis afli\u00e7\u00f5es mais tende bom \u00e2nimo que Cristo venceu n\u00f3s tamb\u00e9m venceremos<\/p>\n<p><b>Jo\u00e3o Batista <\/b>Que noticia triste hoje pela manh\u00e3. A morte de Marinaldo..Meus p\u00easames a toda fam\u00edlia em especial a nossos amigos Marcos e irm\u00e3o M\u00e1rio. Que Deus conforte a todos<\/p>\n<p><b>Rosy Cabral<\/b> For\u00e7a tio Marco, sinto muito ! O c\u00e9u est\u00e1 em festa para receber essa pessoa maravilhosa que foi seu Marinaldo Gomes, v\u00e1 com Deus<\/p>\n<p><b>Gibbson Andrade<\/b> Minhas sinceras condol\u00eancias, meu amigo! Que Deus possa derramar o b\u00e1lsamo de conforto sobre vc e sua fam\u00edlia. \ud83d\ude14\ud83d\ude4f\ud83c\udffd<\/p>\n<p><b>Ruthiale Vagna<\/b> Meu Deus estou sem acreditar que Deus conforte toda a fam\u00edlia era uma pessoa muito boa \ud83d\ude22\ud83d\ude22\ud83d\ude22\ud83d\ude22<\/p>\n<p><b>Jane Silva <\/b>Meu Deus eu estou decora\u00e7\u00e3o partido n\u00e3o tenho nem palavras uma hora dessa s\u00f3 Deus sabe como \u00e9 que eu estou muito triste vai com Deus Marinaldo Meu Irm\u00e3o de considera\u00e7\u00e3o \ud83d\ude24\ud83d\ude24<\/p>\n<div style=\"background-color: white; font-style: normal; letter-spacing: normal; margin: 0px 0px 6px; text-align: justify; text-indent: 0px; text-transform: none; white-space: normal; word-spacing: 0px;\">\n<br \/>\n\ud83d\ude24<\/p>\n<p><\/div>\n<\/div>\n","protected":false},"excerpt":{"rendered":"<p>Faleceu nesta segunda-feira (07), na UTI de hospital na cidade de Campina Grande-PB, o ex-presidente do Teimoso Futebol Clube, Marinaldo&hellip;<\/p>\n","protected":false},"author":1,"featured_media":0,"comment_status":"open","ping_status":"open","sticky":false,"template":"","format":"standard","meta":{"footnotes":""},"categories":[1],"tags":[2,2713,6],"class_list":["post-2504","post","type-post","status-publish","format-standard","hentry","category-sem-categoria","tag-blog-do-edvaldo-magalhaes","tag-futebol-amador-de-caruaru-de-luto-morre-marinaldo-gomes-ex-presidente-do-teimoso-futebol-clube","tag-noticias"],"_links":{"self":[{"href":"https:\/\/blogdoedvaldomagalhaes.com.br\/index.php\/wp-json\/wp\/v2\/posts\/2504","targetHints":{"allow":["GET"]}}],"collection":[{"href":"https:\/\/blogdoedvaldomagalhaes.com.br\/index.php\/wp-json\/wp\/v2\/posts"}],"about":[{"href":"https:\/\/blogdoedvaldomagalhaes.com.br\/index.php\/wp-json\/wp\/v2\/types\/post"}],"author":[{"embeddable":true,"href":"https:\/\/blogdoedvaldomagalhaes.com.br\/index.php\/wp-json\/wp\/v2\/users\/1"}],"replies":[{"embeddable":true,"href":"https:\/\/blogdoedvaldomagalhaes.com.br\/index.php\/wp-json\/wp\/v2\/comments?post=2504"}],"version-history":[{"count":1,"href":"https:\/\/blogdoedvaldomagalhaes.com.br\/index.php\/wp-json\/wp\/v2\/posts\/2504\/revisions"}],"predecessor-version":[{"id":30487,"href":"https:\/\/blogdoedvaldomagalhaes.com.br\/index.php\/wp-json\/wp\/v2\/posts\/2504\/revisions\/30487"}],"wp:attachment":[{"href":"https:\/\/blogdoedvaldomagalhaes.com.br\/index.php\/wp-json\/wp\/v2\/media?parent=2504"}],"wp:term":[{"taxonomy":"category","embeddable":true,"href":"https:\/\/blogdoedvaldomagalhaes.com.br\/index.php\/wp-json\/wp\/v2\/categories?post=2504"},{"taxonomy":"post_tag","embeddable":true,"href":"https:\/\/blogdoedvaldomagalhaes.com.br\/index.php\/wp-json\/wp\/v2\/tags?post=2504"}],"curies":[{"name":"wp","href":"https:\/\/api.w.org\/{rel}","templated":true}]}}