{"id":2501,"date":"2018-05-07T21:02:00","date_gmt":"2018-05-08T00:02:00","guid":{"rendered":"http:\/\/blogdoedvaldomagalhaes.com.br\/index.php\/2018\/05\/07\/tres-vitimas-fatiais-apos-colisao-entre\/"},"modified":"2019-02-09T02:12:32","modified_gmt":"2019-02-09T04:12:32","slug":"tres-vitimas-fatiais-apos-colisao-entre","status":"publish","type":"post","link":"https:\/\/blogdoedvaldomagalhaes.com.br\/index.php\/2018\/05\/07\/tres-vitimas-fatiais-apos-colisao-entre\/","title":{"rendered":"Tr\u00eas v\u00edtimas fatais ap\u00f3s colis\u00e3o entre dois caminh\u00f5es na PE-95 em Caruaru"},"content":{"rendered":"<div class=\"separator\" style=\"clear: both; text-align: center;\">\n<a href=\"https:\/\/3.bp.blogspot.com\/-c3da5bStcIg\/WvC0TDh07AI\/AAAAAAAAwRc\/DDwE0FSM3LMuxNHyhvOuw9xa9WpFJ5AOACLcBGAs\/s1600\/acidente.jpg\" imageanchor=\"1\" style=\"margin-left: 1em; margin-right: 1em;\"><img loading=\"lazy\" decoding=\"async\" border=\"0\" data-original-height=\"329\" data-original-width=\"543\" height=\"386\" src=\"http:\/\/blogdoedvaldomagalhaes.com.br\/wp-content\/uploads\/2018\/05\/acidente.jpg\" width=\"640\" \/><\/a><\/div>\n<div class=\"separator\" style=\"clear: both; text-align: center;\">\n<\/div>\n<p><\/p>\n<div class=\"separator\" style=\"clear: both; text-align: center;\">\n<a href=\"https:\/\/3.bp.blogspot.com\/-vekffCKUJ3w\/WvDZ5fEoBzI\/AAAAAAAAwS0\/G3LCFvbq-F0_w3HUNP5wQURElaRvsUKfwCLcBGAs\/s1600\/0.jpg\" imageanchor=\"1\" style=\"margin-left: 1em; margin-right: 1em;\"><img loading=\"lazy\" decoding=\"async\" border=\"0\" data-original-height=\"720\" data-original-width=\"960\" height=\"480\" src=\"http:\/\/blogdoedvaldomagalhaes.com.br\/wp-content\/uploads\/2018\/05\/0.jpg\" width=\"640\" \/><\/a><\/div>\n<p><\/p>\n<div class=\"separator\" style=\"clear: both; text-align: center;\">\n<a href=\"https:\/\/3.bp.blogspot.com\/-NbHLf3YbazI\/WvDZ6VWvHgI\/AAAAAAAAwS4\/Z7xaKjYK8MYd-1orJXXcKPoUbvpbcJ8zgCLcBGAs\/s1600\/1.jpg\" imageanchor=\"1\" style=\"margin-left: 1em; margin-right: 1em;\"><img loading=\"lazy\" decoding=\"async\" border=\"0\" data-original-height=\"720\" data-original-width=\"960\" height=\"480\" src=\"http:\/\/blogdoedvaldomagalhaes.com.br\/wp-content\/uploads\/2018\/05\/1-2.jpg\" width=\"640\" \/><\/a><\/div>\n<p><\/p>\n<div class=\"separator\" style=\"clear: both; text-align: center;\">\n<a href=\"https:\/\/2.bp.blogspot.com\/-DvDhco0nORU\/WvDZ7HqIvhI\/AAAAAAAAwS8\/R5fUbORbak0D7db_hHAQEcwx67XobAmfgCLcBGAs\/s1600\/2.jpg\" imageanchor=\"1\" style=\"margin-left: 1em; margin-right: 1em;\"><img loading=\"lazy\" decoding=\"async\" border=\"0\" data-original-height=\"960\" data-original-width=\"720\" height=\"640\" src=\"http:\/\/blogdoedvaldomagalhaes.com.br\/wp-content\/uploads\/2018\/05\/2-2.jpg\" width=\"480\" \/><\/a><\/div>\n<p><\/p>\n<div style=\"background-color: white; box-sizing: border-box; line-height: 26px; margin-bottom: 26px; text-align: justify; word-wrap: break-word;\">\nTr\u00eas pessoas que moravam no distro de Ameixas, que pertence ao munic\u00edpio de Cumaru, Agreste de Pernambuco, morreram ap\u00f3s uma colis\u00e3o frontal e posteriormente inc\u00eandio, envolvendo dois caminh\u00f5es na tarde desta segunda-feira (07), na PE-95. A colis\u00e3o ocorreu pr\u00f3ximo da entrada do s\u00edtio Malhada de Pedra, zona rural de Caruaru. Um caminh\u00e3o seguia de Riacho das Almas para Caruaru e o outro vinha no sentido contr\u00e1rio. A rodovia ficou interditada.&nbsp;O Corpo de Bombeiros e o Samu estiveram no local.<\/p>\n<p><\/p>\n<div class=\"separator\" style=\"clear: both; text-align: center;\">\n<a href=\"https:\/\/2.bp.blogspot.com\/-C7YKAYFSdrs\/WvDR9RlZVcI\/AAAAAAAAwSM\/9BFE49S52QA5Xc58xXy9yk4QYKjfn7cQACLcBGAs\/s1600\/IMG-20180507-WA0222.jpg\" imageanchor=\"1\" style=\"margin-left: 1em; margin-right: 1em;\"><img loading=\"lazy\" decoding=\"async\" border=\"0\" data-original-height=\"1040\" data-original-width=\"585\" height=\"640\" src=\"http:\/\/blogdoedvaldomagalhaes.com.br\/wp-content\/uploads\/2018\/05\/IMG-20180507-WA0222.jpg\" width=\"360\" \/><\/a><\/div>\n<div class=\"separator\" style=\"clear: both; text-align: center;\">\nFoto do sobrevivente Leonardo<\/div>\n<p>\nAs v\u00edtimas fatiais foram Luciano dos Santos Silva de 42 anos, Abenildo Jo\u00e3o da Silva de 27 anos e Sivonaldo Severino da Silva de 32 anos de idade.<\/p>\n<p><\/p>\n<div class=\"separator\" style=\"clear: both; text-align: center;\">\n<a href=\"https:\/\/2.bp.blogspot.com\/-XHho6IIMkqg\/WvDYpIM98kI\/AAAAAAAAwSg\/DWJDn9fRBQECexV42x2USNz2hxXXFo11gCLcBGAs\/s1600\/terceiro.jpg\" imageanchor=\"1\" style=\"margin-left: 1em; margin-right: 1em;\"><img loading=\"lazy\" decoding=\"async\" border=\"0\" data-original-height=\"651\" data-original-width=\"651\" height=\"640\" src=\"http:\/\/blogdoedvaldomagalhaes.com.br\/wp-content\/uploads\/2018\/05\/terceiro.jpg\" width=\"640\" \/><\/a><\/div>\n<div class=\"separator\" style=\"clear: both; text-align: center;\">\nFoto de Abenildo Jo\u00e3o da Silva<\/div>\n<div class=\"separator\" style=\"clear: both; text-align: center;\">\n<a href=\"https:\/\/1.bp.blogspot.com\/-Wt77T6P5-7o\/WvDY4DqYtEI\/AAAAAAAAwSo\/fr8-TQ1TN4EmjIBUVBN0xro-RKZfv2pygCLcBGAs\/s1600\/luciano.jpg\" imageanchor=\"1\" style=\"margin-left: 1em; margin-right: 1em;\"><img loading=\"lazy\" decoding=\"async\" border=\"0\" data-original-height=\"480\" data-original-width=\"480\" height=\"640\" src=\"http:\/\/blogdoedvaldomagalhaes.com.br\/wp-content\/uploads\/2018\/05\/luciano.jpg\" width=\"640\" \/><\/a><\/div>\n<div class=\"separator\" style=\"clear: both; text-align: center;\">\nFoto de Luciano dos Santos Silva<\/div>\n<div class=\"separator\" style=\"clear: both; text-align: center;\">\n<a href=\"https:\/\/1.bp.blogspot.com\/-pMItWWy7AyU\/WvDYz3rsqaI\/AAAAAAAAwSk\/ZQWdKaTqKWwN4tNksGPIUQQsNcU6fuJewCLcBGAs\/s1600\/outro.jpg\" imageanchor=\"1\" style=\"margin-left: 1em; margin-right: 1em;\"><img loading=\"lazy\" decoding=\"async\" border=\"0\" data-original-height=\"320\" data-original-width=\"320\" height=\"640\" src=\"http:\/\/blogdoedvaldomagalhaes.com.br\/wp-content\/uploads\/2018\/05\/outro.jpg\" width=\"640\" \/><\/a><\/div>\n<div class=\"separator\" style=\"clear: both; text-align: center;\">\nFoto de Sivonaldo Severino da Silva<\/div>\n<\/div>\n","protected":false},"excerpt":{"rendered":"<p>Tr\u00eas pessoas que moravam no distro de Ameixas, que pertence ao munic\u00edpio de Cumaru, Agreste de Pernambuco, morreram ap\u00f3s uma&hellip;<\/p>\n","protected":false},"author":1,"featured_media":0,"comment_status":"open","ping_status":"open","sticky":false,"template":"","format":"standard","meta":{"footnotes":""},"categories":[1],"tags":[2,6,2710],"class_list":["post-2501","post","type-post","status-publish","format-standard","hentry","category-sem-categoria","tag-blog-do-edvaldo-magalhaes","tag-noticias","tag-tres-vitimas-fatiais-apos-colisao-entre-dois-caminhoes-na-pe-95-em-caruaru"],"_links":{"self":[{"href":"https:\/\/blogdoedvaldomagalhaes.com.br\/index.php\/wp-json\/wp\/v2\/posts\/2501","targetHints":{"allow":["GET"]}}],"collection":[{"href":"https:\/\/blogdoedvaldomagalhaes.com.br\/index.php\/wp-json\/wp\/v2\/posts"}],"about":[{"href":"https:\/\/blogdoedvaldomagalhaes.com.br\/index.php\/wp-json\/wp\/v2\/types\/post"}],"author":[{"embeddable":true,"href":"https:\/\/blogdoedvaldomagalhaes.com.br\/index.php\/wp-json\/wp\/v2\/users\/1"}],"replies":[{"embeddable":true,"href":"https:\/\/blogdoedvaldomagalhaes.com.br\/index.php\/wp-json\/wp\/v2\/comments?post=2501"}],"version-history":[{"count":1,"href":"https:\/\/blogdoedvaldomagalhaes.com.br\/index.php\/wp-json\/wp\/v2\/posts\/2501\/revisions"}],"predecessor-version":[{"id":30500,"href":"https:\/\/blogdoedvaldomagalhaes.com.br\/index.php\/wp-json\/wp\/v2\/posts\/2501\/revisions\/30500"}],"wp:attachment":[{"href":"https:\/\/blogdoedvaldomagalhaes.com.br\/index.php\/wp-json\/wp\/v2\/media?parent=2501"}],"wp:term":[{"taxonomy":"category","embeddable":true,"href":"https:\/\/blogdoedvaldomagalhaes.com.br\/index.php\/wp-json\/wp\/v2\/categories?post=2501"},{"taxonomy":"post_tag","embeddable":true,"href":"https:\/\/blogdoedvaldomagalhaes.com.br\/index.php\/wp-json\/wp\/v2\/tags?post=2501"}],"curies":[{"name":"wp","href":"https:\/\/api.w.org\/{rel}","templated":true}]}}