{"id":2500,"date":"2018-05-08T10:30:00","date_gmt":"2018-05-08T13:30:00","guid":{"rendered":"http:\/\/blogdoedvaldomagalhaes.com.br\/index.php\/2018\/05\/08\/campanha-lacre-do-bem-sera-lancada-pelo\/"},"modified":"2019-02-09T02:12:32","modified_gmt":"2019-02-09T04:12:32","slug":"campanha-lacre-do-bem-sera-lancada-pelo","status":"publish","type":"post","link":"https:\/\/blogdoedvaldomagalhaes.com.br\/index.php\/2018\/05\/08\/campanha-lacre-do-bem-sera-lancada-pelo\/","title":{"rendered":"Campanha \u201cLacre do Bem\u201d ser\u00e1 lan\u00e7ada pelo Rotary e Rotoract em Caruaru"},"content":{"rendered":"<div class=\"separator\" style=\"clear: both; text-align: center;\">\n<a href=\"https:\/\/3.bp.blogspot.com\/-C5DATJ_j4mQ\/WvF6Rbj94vI\/AAAAAAAAwTQ\/Md2kHmhQHWYuc0vX_6osbbDGIQ0v8mTrwCLcBGAs\/s1600\/lacre.jpeg\" imageanchor=\"1\" style=\"margin-left: 1em; margin-right: 1em;\"><img loading=\"lazy\" decoding=\"async\" border=\"0\" data-original-height=\"300\" data-original-width=\"216\" height=\"640\" src=\"http:\/\/blogdoedvaldomagalhaes.com.br\/wp-content\/uploads\/2018\/05\/lacre.jpeg\" width=\"458\" \/><\/a><\/div>\n<div class=\"separator\" style=\"clear: both; text-align: center;\">\n<\/div>\n<div style=\"background-color: white; border: 0px; margin-bottom: 1.5em; outline: 0px; padding: 0px; text-align: justify; vertical-align: baseline;\">\nOs quatro clubes Rot\u00e1rios e o Rotoract de Caruaru v\u00e3o lan\u00e7ar a campanha \u201cLacre do Bem\u201d, na pr\u00f3xima quinta-feira (10), na sede do Rotary Club Caruaru Sul, na avenida Venezuela, no bairro Universit\u00e1rio. Ser\u00e1 realizada uma palestra com o publicit\u00e1rio Emerson Mendon\u00e7a.&nbsp;<\/div>\n<div style=\"background-color: white; border: 0px; margin-bottom: 1.5em; outline: 0px; padding: 0px; text-align: justify; vertical-align: baseline;\">\n<\/div>\n<div style=\"background-color: white; border: 0px; margin-bottom: 1.5em; outline: 0px; padding: 0px; text-align: justify; vertical-align: baseline;\">\nNo pr\u00f3ximo s\u00e1bado (12) os rotarianos estar\u00e3o no Marco Zero mostrando a campanha para a popula\u00e7\u00e3o. Ir\u00e3o participar da campanha restaurantes e pontos comerciais. A ideia \u00e9 arrecadar lacres de latinhas, sendo que&nbsp;140 garrafas pets de 2 litros cheias de lacres, dar\u00e3o direito a uma cadeira de rodas, que ser\u00e1 repassada para uma pessoa carente, em comodato.<\/div>\n","protected":false},"excerpt":{"rendered":"<p>Os quatro clubes Rot\u00e1rios e o Rotoract de Caruaru v\u00e3o lan\u00e7ar a campanha \u201cLacre do Bem\u201d, na pr\u00f3xima quinta-feira (10),&hellip;<\/p>\n","protected":false},"author":1,"featured_media":0,"comment_status":"open","ping_status":"open","sticky":false,"template":"","format":"standard","meta":{"footnotes":""},"categories":[1],"tags":[2,2709,6],"class_list":["post-2500","post","type-post","status-publish","format-standard","hentry","category-sem-categoria","tag-blog-do-edvaldo-magalhaes","tag-campanha-lacre-do-bem-sera-lancada-pelo-rotary-e-rotoract-em-caruaru","tag-noticias"],"_links":{"self":[{"href":"https:\/\/blogdoedvaldomagalhaes.com.br\/index.php\/wp-json\/wp\/v2\/posts\/2500","targetHints":{"allow":["GET"]}}],"collection":[{"href":"https:\/\/blogdoedvaldomagalhaes.com.br\/index.php\/wp-json\/wp\/v2\/posts"}],"about":[{"href":"https:\/\/blogdoedvaldomagalhaes.com.br\/index.php\/wp-json\/wp\/v2\/types\/post"}],"author":[{"embeddable":true,"href":"https:\/\/blogdoedvaldomagalhaes.com.br\/index.php\/wp-json\/wp\/v2\/users\/1"}],"replies":[{"embeddable":true,"href":"https:\/\/blogdoedvaldomagalhaes.com.br\/index.php\/wp-json\/wp\/v2\/comments?post=2500"}],"version-history":[{"count":1,"href":"https:\/\/blogdoedvaldomagalhaes.com.br\/index.php\/wp-json\/wp\/v2\/posts\/2500\/revisions"}],"predecessor-version":[{"id":30502,"href":"https:\/\/blogdoedvaldomagalhaes.com.br\/index.php\/wp-json\/wp\/v2\/posts\/2500\/revisions\/30502"}],"wp:attachment":[{"href":"https:\/\/blogdoedvaldomagalhaes.com.br\/index.php\/wp-json\/wp\/v2\/media?parent=2500"}],"wp:term":[{"taxonomy":"category","embeddable":true,"href":"https:\/\/blogdoedvaldomagalhaes.com.br\/index.php\/wp-json\/wp\/v2\/categories?post=2500"},{"taxonomy":"post_tag","embeddable":true,"href":"https:\/\/blogdoedvaldomagalhaes.com.br\/index.php\/wp-json\/wp\/v2\/tags?post=2500"}],"curies":[{"name":"wp","href":"https:\/\/api.w.org\/{rel}","templated":true}]}}