{"id":25,"date":"2019-02-07T14:16:00","date_gmt":"2019-02-07T16:16:00","guid":{"rendered":"http:\/\/blogdoedvaldomagalhaes.com.br\/index.php\/2019\/02\/07\/1-baile-municipal-de-camocim-de-sao\/"},"modified":"2019-02-09T09:35:21","modified_gmt":"2019-02-09T11:35:21","slug":"1-baile-municipal-de-camocim-de-sao","status":"publish","type":"post","link":"https:\/\/blogdoedvaldomagalhaes.com.br\/index.php\/2019\/02\/07\/1-baile-municipal-de-camocim-de-sao\/","title":{"rendered":"1\u00b0 Baile Municipal de Camocim de S\u00e3o F\u00e9lix ter\u00e1 show de Geraldinho Lins"},"content":{"rendered":"<div class=\"separator\" style=\"clear: both; text-align: center;\">\n<a href=\"https:\/\/4.bp.blogspot.com\/-Ta8Kv1-KzgI\/XFw9on7WuaI\/AAAAAAABCF0\/VwWw3u7h70AedZVKVJDFxGk-Od9I0OCCwCLcBGAs\/s1600\/IMG-20190207-WA0032.jpg\" imageanchor=\"1\" style=\"margin-left: 1em; margin-right: 1em;\"><img loading=\"lazy\" decoding=\"async\" border=\"0\" data-original-height=\"1280\" data-original-width=\"905\" height=\"640\" src=\"http:\/\/blogdoedvaldomagalhaes.com.br\/wp-content\/uploads\/2019\/02\/IMG-20190207-WA0032.jpg\" width=\"452\"><\/a><\/div>\n<p>A primeira edi\u00e7\u00e3o do Baile Municipal da cidade de Camocim de S\u00e3o F\u00e9lix, no Agreste pernambucano, que acontece no pr\u00f3ximo dia 16 de fevereiro contar\u00e1 com a presen\u00e7a do cantor Geraldinho Lins, Carlos Vale e Orquestra de Frevo Santa Cec\u00edlia no Clube Uni\u00e3o no pr\u00f3ximo dia 16 de fevereiro.<br \/>\nO evento insere a cidade no calend\u00e1rio de pr\u00e9vias do Agreste, dando o toque inicial para a folia de momo. Adalberto Filho, diretor de Cultura e Turismo do munic\u00edpio informa que n\u00e3o foi escolhido um tema espec\u00edfico para a festa. \u201cCada participante pode escolher uma caracteriza\u00e7\u00e3o que achar interessante, desde que esteja inserida no contexto carnavalesco\u201d, orienta o diretor. O Baile Municipal ter\u00e1 como carro-chefe o cantor Geraldinho Lins, que trar\u00e1 para o sal\u00e3o do Clube Uni\u00e3o um repert\u00f3rio mesclando frevo, marchinhas e toques contempor\u00e2neos. Ainda abrilhantar\u00e3o a noite, a Orquestra Santa Cec\u00edlia e um dos talentos locais, Carlos Vale e Banda Vip.<br \/>\nMesas e acessos individuais em primeiro lote custam respectivamente R$160,00 e R$40,00 comercializadas na Secretaria de Educa\u00e7\u00e3o de Camocim, localizada na Rua Suely Vital, centro.<\/p>\n","protected":false},"excerpt":{"rendered":"<p>A primeira edi\u00e7\u00e3o do Baile Municipal da cidade de Camocim de S\u00e3o F\u00e9lix, no Agreste pernambucano, que acontece no pr\u00f3ximo&hellip;<\/p>\n","protected":false},"author":1,"featured_media":38007,"comment_status":"open","ping_status":"open","sticky":false,"template":"","format":"standard","meta":{"footnotes":""},"categories":[1],"tags":[31,2,6],"class_list":["post-25","post","type-post","status-publish","format-standard","has-post-thumbnail","hentry","category-sem-categoria","tag-1-baile-municipal-de-camocim-de-sao-felix-tera-show-de-geraldinho-lins","tag-blog-do-edvaldo-magalhaes","tag-noticias"],"_links":{"self":[{"href":"https:\/\/blogdoedvaldomagalhaes.com.br\/index.php\/wp-json\/wp\/v2\/posts\/25","targetHints":{"allow":["GET"]}}],"collection":[{"href":"https:\/\/blogdoedvaldomagalhaes.com.br\/index.php\/wp-json\/wp\/v2\/posts"}],"about":[{"href":"https:\/\/blogdoedvaldomagalhaes.com.br\/index.php\/wp-json\/wp\/v2\/types\/post"}],"author":[{"embeddable":true,"href":"https:\/\/blogdoedvaldomagalhaes.com.br\/index.php\/wp-json\/wp\/v2\/users\/1"}],"replies":[{"embeddable":true,"href":"https:\/\/blogdoedvaldomagalhaes.com.br\/index.php\/wp-json\/wp\/v2\/comments?post=25"}],"version-history":[{"count":2,"href":"https:\/\/blogdoedvaldomagalhaes.com.br\/index.php\/wp-json\/wp\/v2\/posts\/25\/revisions"}],"predecessor-version":[{"id":38110,"href":"https:\/\/blogdoedvaldomagalhaes.com.br\/index.php\/wp-json\/wp\/v2\/posts\/25\/revisions\/38110"}],"wp:featuredmedia":[{"embeddable":true,"href":"https:\/\/blogdoedvaldomagalhaes.com.br\/index.php\/wp-json\/wp\/v2\/media\/38007"}],"wp:attachment":[{"href":"https:\/\/blogdoedvaldomagalhaes.com.br\/index.php\/wp-json\/wp\/v2\/media?parent=25"}],"wp:term":[{"taxonomy":"category","embeddable":true,"href":"https:\/\/blogdoedvaldomagalhaes.com.br\/index.php\/wp-json\/wp\/v2\/categories?post=25"},{"taxonomy":"post_tag","embeddable":true,"href":"https:\/\/blogdoedvaldomagalhaes.com.br\/index.php\/wp-json\/wp\/v2\/tags?post=25"}],"curies":[{"name":"wp","href":"https:\/\/api.w.org\/{rel}","templated":true}]}}