{"id":2498,"date":"2018-05-08T15:44:00","date_gmt":"2018-05-08T18:44:00","guid":{"rendered":"http:\/\/blogdoedvaldomagalhaes.com.br\/index.php\/2018\/05\/08\/porto-digital-recebe-oficina-gratuita\/"},"modified":"2019-02-09T02:12:33","modified_gmt":"2019-02-09T04:12:33","slug":"porto-digital-recebe-oficina-gratuita","status":"publish","type":"post","link":"https:\/\/blogdoedvaldomagalhaes.com.br\/index.php\/2018\/05\/08\/porto-digital-recebe-oficina-gratuita\/","title":{"rendered":"Porto Digital recebe oficina gratuita de cr\u00edtica cinematogr\u00e1fica em Caruaru"},"content":{"rendered":"<div class=\"separator\" style=\"clear: both; text-align: center;\">\n<a href=\"https:\/\/1.bp.blogspot.com\/-PiNOeqGGSws\/WvHFkRwefoI\/AAAAAAAAwUo\/A50Q8Nz5CGMsKCpyE0W0M9YdQzE63o0FQCLcBGAs\/s1600\/armaz%25C3%25A9m.jpg\" imageanchor=\"1\" style=\"margin-left: 1em; margin-right: 1em;\"><img loading=\"lazy\" decoding=\"async\" border=\"0\" data-original-height=\"1068\" data-original-width=\"1600\" height=\"426\" src=\"http:\/\/blogdoedvaldomagalhaes.com.br\/wp-content\/uploads\/2018\/05\/armazC3A9m.jpg\" width=\"640\" \/><\/a><\/div>\n<div class=\"MsoNormal\" style=\"background: white; margin-bottom: 8.0pt; mso-line-height-alt: 11.75pt; text-align: justify;\">\n<\/div>\n<div class=\"MsoNormal\" style=\"background: white; margin-bottom: 8.0pt; mso-line-height-alt: 11.75pt; text-align: justify;\">\nEntre os dias 14 e 25 de maio, o Armaz\u00e9m da Criatividade, localizado no<br \/>\nPolo Caruaru, recebe o F(r)ic\u00e7\u00f5es &#8211; Workshop de Cr\u00edtica Cinematogr\u00e1fica, que<br \/>\ntem o objetivo de democratizar a cr\u00edtica cinematogr\u00e1fica. O curso \u00e9 ideal para<br \/>\nquem quer ficar por dentro dos principais elementos do estilo e produzir seu<br \/>\npr\u00f3prio conte\u00fado.<\/div>\n<div class=\"separator\" style=\"clear: both; text-align: center;\">\n<a href=\"https:\/\/2.bp.blogspot.com\/-JEFLWEKuKbM\/WvHFpSD34zI\/AAAAAAAAwUs\/9FeQPK9EDDsTtpVF_etP95EW26vh3nGbQCLcBGAs\/s1600\/armanxze%255B%25C3%25A9m%2B3.jpg\" imageanchor=\"1\" style=\"margin-left: 1em; margin-right: 1em;\"><img loading=\"lazy\" decoding=\"async\" border=\"0\" data-original-height=\"872\" data-original-width=\"1600\" height=\"348\" src=\"http:\/\/blogdoedvaldomagalhaes.com.br\/wp-content\/uploads\/2018\/05\/armanxze5BC3A9m3.jpg\" width=\"640\" \/><\/a><\/div>\n<div class=\"MsoNormal\" style=\"background: white; margin-bottom: 8.0pt; mso-line-height-alt: 11.75pt; text-align: justify;\">\n<\/div>\n<div class=\"MsoNormal\" style=\"background: white; margin-bottom: 8.0pt; mso-line-height-alt: 11.75pt; text-align: justify;\">\nAs inscri\u00e7\u00f5es para participar do workshop s\u00e3o gratuitas e podem ser<br \/>\nrealizadas at\u00e9 11 de maio por meio de formul\u00e1rio dispon\u00edvel no site&nbsp;<a href=\"http:\/\/www.combomultimidia.com\/\" target=\"_blank\">www.combomultimidia.com<\/a>.<br \/>\nPara ocupar as 20 vagas dispon\u00edveis, a sele\u00e7\u00e3o dos candidatos ser\u00e1 de acordo<br \/>\ncom os seguintes crit\u00e9rios: ser maior de 16 anos, cursar ou ter conclu\u00eddo o<br \/>\nEnsino M\u00e9dio, possuir no\u00e7\u00f5es b\u00e1sicas de inform\u00e1tica e disponibilidade para<br \/>\nestar nos encontros, que ser\u00e3o realizados sempre das 18h \u00e0s 21h durante as duas<br \/>\nsemanas da oficina.<\/div>\n<div class=\"separator\" style=\"clear: both; text-align: center;\">\n<a href=\"https:\/\/4.bp.blogspot.com\/-HWRzJQhNYIk\/WvHFunJHsBI\/AAAAAAAAwUw\/IYC2QNEK1d06B39PdU5DGyqETL7L3vJwACLcBGAs\/s1600\/aermaxzem%2B2.png\" imageanchor=\"1\" style=\"margin-left: 1em; margin-right: 1em;\"><img loading=\"lazy\" decoding=\"async\" border=\"0\" data-original-height=\"1300\" data-original-width=\"1000\" height=\"640\" src=\"http:\/\/blogdoedvaldomagalhaes.com.br\/wp-content\/uploads\/2018\/05\/aermaxzem2.png\" width=\"492\" \/><\/a><\/div>\n<div class=\"MsoNormal\" style=\"background: white; margin-bottom: 8.0pt; mso-line-height-alt: 11.75pt; text-align: justify;\">\n<\/div>\n<div class=\"MsoNormal\" style=\"margin-bottom: 8.0pt; mso-line-height-alt: 11.75pt; text-align: justify;\">\nPara finalizar o processo de inscri\u00e7\u00e3o \u00e9 tamb\u00e9m<br \/>\nnecess\u00e1rio enviar uma cr\u00edtica ou qualquer texto com teor liter\u00e1rio, de autoria<br \/>\ndo candidato (a), para&nbsp;<a href=\"mailto:multimidiacombo@gmail.com\" target=\"_blank\">multimidiacombo@gmail.com<\/a>.<br \/>\nA lista dos selecionados estar\u00e1 no site do evento no dia 11 de maio.<\/div>\n<div class=\"MsoNormal\" style=\"background: white; margin-bottom: 8.0pt; mso-line-height-alt: 11.75pt; text-align: justify;\">\nO projeto desenvolvido pela Combo Multim\u00eddia atrav\u00e9s do Funcultura.<br \/>\nOutras informa\u00e7\u00f5es em&nbsp;<a href=\"http:\/\/combomultimidia.com\/\" target=\"_blank\">combomultimidia.com<\/a><\/div>\n<div class=\"MsoNormal\" style=\"text-align: justify;\">\n<\/div>\n","protected":false},"excerpt":{"rendered":"<p>Entre os dias 14 e 25 de maio, o Armaz\u00e9m da Criatividade, localizado no Polo Caruaru, recebe o F(r)ic\u00e7\u00f5es &#8211;&hellip;<\/p>\n","protected":false},"author":1,"featured_media":0,"comment_status":"open","ping_status":"open","sticky":false,"template":"","format":"standard","meta":{"footnotes":""},"categories":[1],"tags":[2,6,2708],"class_list":["post-2498","post","type-post","status-publish","format-standard","hentry","category-sem-categoria","tag-blog-do-edvaldo-magalhaes","tag-noticias","tag-porto-digital-recebe-oficina-gratuita-de-critica-cinematografica-em-caruaru"],"_links":{"self":[{"href":"https:\/\/blogdoedvaldomagalhaes.com.br\/index.php\/wp-json\/wp\/v2\/posts\/2498","targetHints":{"allow":["GET"]}}],"collection":[{"href":"https:\/\/blogdoedvaldomagalhaes.com.br\/index.php\/wp-json\/wp\/v2\/posts"}],"about":[{"href":"https:\/\/blogdoedvaldomagalhaes.com.br\/index.php\/wp-json\/wp\/v2\/types\/post"}],"author":[{"embeddable":true,"href":"https:\/\/blogdoedvaldomagalhaes.com.br\/index.php\/wp-json\/wp\/v2\/users\/1"}],"replies":[{"embeddable":true,"href":"https:\/\/blogdoedvaldomagalhaes.com.br\/index.php\/wp-json\/wp\/v2\/comments?post=2498"}],"version-history":[{"count":1,"href":"https:\/\/blogdoedvaldomagalhaes.com.br\/index.php\/wp-json\/wp\/v2\/posts\/2498\/revisions"}],"predecessor-version":[{"id":30508,"href":"https:\/\/blogdoedvaldomagalhaes.com.br\/index.php\/wp-json\/wp\/v2\/posts\/2498\/revisions\/30508"}],"wp:attachment":[{"href":"https:\/\/blogdoedvaldomagalhaes.com.br\/index.php\/wp-json\/wp\/v2\/media?parent=2498"}],"wp:term":[{"taxonomy":"category","embeddable":true,"href":"https:\/\/blogdoedvaldomagalhaes.com.br\/index.php\/wp-json\/wp\/v2\/categories?post=2498"},{"taxonomy":"post_tag","embeddable":true,"href":"https:\/\/blogdoedvaldomagalhaes.com.br\/index.php\/wp-json\/wp\/v2\/tags?post=2498"}],"curies":[{"name":"wp","href":"https:\/\/api.w.org\/{rel}","templated":true}]}}