{"id":2497,"date":"2018-05-08T15:58:00","date_gmt":"2018-05-08T18:58:00","guid":{"rendered":"http:\/\/blogdoedvaldomagalhaes.com.br\/index.php\/2018\/05\/08\/eleita-nova-diretoria-da-academia\/"},"modified":"2019-02-09T02:12:38","modified_gmt":"2019-02-09T04:12:38","slug":"eleita-nova-diretoria-da-academia","status":"publish","type":"post","link":"https:\/\/blogdoedvaldomagalhaes.com.br\/index.php\/2018\/05\/08\/eleita-nova-diretoria-da-academia\/","title":{"rendered":"Eleita nova diretoria da Academia Caruaruense de Ci\u00eancias e Letras de Caruaru"},"content":{"rendered":"<p><\/p>\n<div class=\"separator\" style=\"clear: both; text-align: center;\">\n<a href=\"https:\/\/4.bp.blogspot.com\/-ZWvSjyal8Ik\/WvHIlQKlKOI\/AAAAAAAAwVE\/gJdqfgRXtSUkciDHVXzqVIf9acf3_7_OQCLcBGAs\/s1600\/foto.jpg\" imageanchor=\"1\" style=\"margin-left: 1em; margin-right: 1em;\"><img loading=\"lazy\" decoding=\"async\" border=\"0\" data-original-height=\"492\" data-original-width=\"656\" height=\"480\" src=\"http:\/\/blogdoedvaldomagalhaes.com.br\/wp-content\/uploads\/2018\/05\/foto.jpg\" width=\"640\" \/><\/a><\/div>\n<div style=\"margin-bottom: .0001pt; margin: 0cm; text-align: justify;\">\n<\/div>\n<div style=\"margin-bottom: .0001pt; margin: 0cm; text-align: justify;\">\nA elei\u00e7\u00e3o da nova diretoria da<br \/>\nAcademia Caruaruense de Ci\u00eancias e Letras de Caruaru, ACACCIL, ocorreu no \u00faltimo s\u00e1bado (06). A atual<br \/>\npresidente ainda \u00e9 Arary Marrocos, que dar\u00e1 posse aos rec\u00e9m eleitos numa<br \/>\natividade festiva, dia 18 de maio, data de sua funda\u00e7\u00e3o.<\/div>\n<div style=\"margin-bottom: .0001pt; margin: 0cm; text-align: justify;\">\n<\/div>\n<div style=\"-webkit-text-stroke-width: 0px; background: white; font-variant-caps: normal; font-variant-ligatures: normal; margin-bottom: .0001pt; margin: 0cm; mso-line-height-alt: 15.75pt; orphans: 2; outline: 0px; text-align: justify; text-decoration-color: initial; text-decoration-style: initial; vertical-align: top; widows: 2; word-spacing: 0px;\">\nA nova Diretoria ficou assim:<\/div>\n<div style=\"-webkit-text-stroke-width: 0px; background: white; font-variant-caps: normal; font-variant-ligatures: normal; margin-bottom: .0001pt; margin: 0cm; mso-line-height-alt: 15.75pt; orphans: 2; outline: 0px; text-align: justify; text-decoration-color: initial; text-decoration-style: initial; vertical-align: top; widows: 2; word-spacing: 0px;\">\nPresidente: Agildo Galdino<br \/>\nFerreira<\/div>\n<div style=\"-webkit-text-stroke-width: 0px; background: white; font-variant-caps: normal; font-variant-ligatures: normal; margin-bottom: .0001pt; margin: 0cm; mso-line-height-alt: 15.75pt; orphans: 2; outline: 0px; text-align: justify; text-decoration-color: initial; text-decoration-style: initial; vertical-align: top; widows: 2; word-spacing: 0px;\">\nVice Presidente: Jos\u00e9 Severino<br \/>\nde Carmo<\/div>\n<div style=\"-webkit-text-stroke-width: 0px; background: white; font-variant-caps: normal; font-variant-ligatures: normal; margin-bottom: .0001pt; margin: 0cm; mso-line-height-alt: 15.75pt; orphans: 2; outline: 0px; text-align: justify; text-decoration-color: initial; text-decoration-style: initial; vertical-align: top; widows: 2; word-spacing: 0px;\">\n1\u00ba Secret\u00e1rio: Dilma Maria S<br \/>\nFran\u00e7a<\/div>\n<div style=\"-webkit-text-stroke-width: 0px; background: white; font-variant-caps: normal; font-variant-ligatures: normal; margin-bottom: .0001pt; margin: 0cm; mso-line-height-alt: 15.75pt; orphans: 2; outline: 0px; text-align: justify; text-decoration-color: initial; text-decoration-style: initial; vertical-align: top; widows: 2; word-spacing: 0px;\">\n2\u00ba Secretario: Jos\u00e9 Lucas da<br \/>\nSilva<\/div>\n<div style=\"-webkit-text-stroke-width: 0px; background: white; font-variant-caps: normal; font-variant-ligatures: normal; margin-bottom: .0001pt; margin: 0cm; mso-line-height-alt: 15.75pt; orphans: 2; outline: 0px; text-align: justify; text-decoration-color: initial; text-decoration-style: initial; vertical-align: top; widows: 2; word-spacing: 0px;\">\n1\u00ba Tesoureiro: Maria de Lourdes<br \/>\nS Maciel<\/div>\n<div style=\"-webkit-text-stroke-width: 0px; background: white; font-variant-caps: normal; font-variant-ligatures: normal; margin-bottom: .0001pt; margin: 0cm; mso-line-height-alt: 15.75pt; orphans: 2; outline: 0px; text-align: justify; text-decoration-color: initial; text-decoration-style: initial; vertical-align: top; widows: 2; word-spacing: 0px;\">\n2\u00ba Tesoureiro: Francisco de<br \/>\nAssis Claudino<\/div>\n<div style=\"-webkit-text-stroke-width: 0px; background: white; font-variant-caps: normal; font-variant-ligatures: normal; margin-bottom: .0001pt; margin: 0cm; mso-line-height-alt: 15.75pt; orphans: 2; outline: 0px; text-align: justify; text-decoration-color: initial; text-decoration-style: initial; vertical-align: top; widows: 2; word-spacing: 0px;\">\nOrador: Walter Augusto de<br \/>\nAndrade<\/div>\n<div style=\"-webkit-text-stroke-width: 0px; background: white; font-variant-caps: normal; font-variant-ligatures: normal; margin-bottom: .0001pt; margin: 0cm; mso-line-height-alt: 15.75pt; orphans: 2; outline: 0px; text-align: justify; text-decoration-color: initial; text-decoration-style: initial; vertical-align: top; widows: 2; word-spacing: 0px;\">\nDiretor de Patrim\u00f4nio: Edivalda<br \/>\nLeite Miranda<\/div>\n<div style=\"-webkit-text-stroke-width: 0px; background: white; font-variant-caps: normal; font-variant-ligatures: normal; margin-bottom: .0001pt; margin: 0cm; mso-line-height-alt: 15.75pt; orphans: 2; outline: 0px; text-align: justify; text-decoration-color: initial; text-decoration-style: initial; vertical-align: top; widows: 2; word-spacing: 0px;\">\nDiretor de Atividades<br \/>\nCulturais: Arary Marrocos Bezerra Pascoal<\/div>\n<div style=\"-webkit-text-stroke-width: 0px; background: white; font-variant-caps: normal; font-variant-ligatures: normal; margin-bottom: .0001pt; margin: 0cm; mso-line-height-alt: 15.75pt; orphans: 2; outline: 0px; text-align: justify; text-decoration-color: initial; text-decoration-style: initial; vertical-align: top; widows: 2; word-spacing: 0px;\">\nDiretor de Protocolo: Adilson<br \/>\nSilva Ferraz<\/div>\n<div style=\"-webkit-text-stroke-width: 0px; background: white; font-variant-caps: normal; font-variant-ligatures: normal; margin-bottom: .0001pt; margin: 0cm; mso-line-height-alt: 15.75pt; orphans: 2; outline: 0px; text-align: justify; text-decoration-color: initial; text-decoration-style: initial; vertical-align: top; widows: 2; word-spacing: 0px;\">\nConselho Fiscal:<\/div>\n<div style=\"-webkit-text-stroke-width: 0px; background: white; font-variant-caps: normal; font-variant-ligatures: normal; margin-bottom: .0001pt; margin: 0cm; mso-line-height-alt: 15.75pt; orphans: 2; outline: 0px; text-align: justify; text-decoration-color: initial; text-decoration-style: initial; vertical-align: top; widows: 2; word-spacing: 0px;\">\nCarlos A. Toscano de Carvalho,<br \/>\nRenato Cabral de O. Filho e Josu\u00e9 Euz\u00e9bio Ferreira<\/div>\n<div style=\"-webkit-text-stroke-width: 0px; background: white; font-variant-caps: normal; font-variant-ligatures: normal; margin-bottom: .0001pt; margin: 0cm; mso-line-height-alt: 15.75pt; orphans: 2; outline: 0px; text-align: justify; text-decoration-color: initial; text-decoration-style: initial; vertical-align: top; widows: 2; word-spacing: 0px;\">\nSuplentes :<\/div>\n<div style=\"-webkit-text-stroke-width: 0px; background: white; font-variant-caps: normal; font-variant-ligatures: normal; margin-bottom: .0001pt; margin: 0cm; mso-line-height-alt: 15.75pt; orphans: 2; outline: 0px; text-align: justify; text-decoration-color: initial; text-decoration-style: initial; vertical-align: top; widows: 2; word-spacing: 0px;\">\nJosabel Barreto, Paulo Muniz<br \/>\nLopes e Maria Luzinete Lemos.<\/div>\n<div style=\"-webkit-text-stroke-width: 0px; background: white; font-variant-caps: normal; font-variant-ligatures: normal; margin-bottom: .0001pt; margin: 0cm; mso-line-height-alt: 15.75pt; orphans: 2; outline: 0px; text-align: justify; text-decoration-color: initial; text-decoration-style: initial; vertical-align: top; widows: 2; word-spacing: 0px;\">\n<\/div>\n<div style=\"-webkit-text-stroke-width: 0px; background: white; font-variant-caps: normal; font-variant-ligatures: normal; margin-bottom: .0001pt; margin: 0cm; mso-line-height-alt: 15.75pt; orphans: 2; outline: 0px; text-align: justify; text-decoration-color: initial; text-decoration-style: initial; vertical-align: top; widows: 2; word-spacing: 0px;\">\nInforma\u00e7\u00f5es de Paulo Nailson.<\/div>\n","protected":false},"excerpt":{"rendered":"<p>A elei\u00e7\u00e3o da nova diretoria da Academia Caruaruense de Ci\u00eancias e Letras de Caruaru, ACACCIL, ocorreu no \u00faltimo s\u00e1bado (06).&hellip;<\/p>\n","protected":false},"author":1,"featured_media":0,"comment_status":"open","ping_status":"open","sticky":false,"template":"","format":"standard","meta":{"footnotes":""},"categories":[1],"tags":[2,2707,6],"class_list":["post-2497","post","type-post","status-publish","format-standard","hentry","category-sem-categoria","tag-blog-do-edvaldo-magalhaes","tag-eleita-nova-diretoria-da-academia-caruaruense-de-ciencias-e-letras-de-caruaru","tag-noticias"],"_links":{"self":[{"href":"https:\/\/blogdoedvaldomagalhaes.com.br\/index.php\/wp-json\/wp\/v2\/posts\/2497","targetHints":{"allow":["GET"]}}],"collection":[{"href":"https:\/\/blogdoedvaldomagalhaes.com.br\/index.php\/wp-json\/wp\/v2\/posts"}],"about":[{"href":"https:\/\/blogdoedvaldomagalhaes.com.br\/index.php\/wp-json\/wp\/v2\/types\/post"}],"author":[{"embeddable":true,"href":"https:\/\/blogdoedvaldomagalhaes.com.br\/index.php\/wp-json\/wp\/v2\/users\/1"}],"replies":[{"embeddable":true,"href":"https:\/\/blogdoedvaldomagalhaes.com.br\/index.php\/wp-json\/wp\/v2\/comments?post=2497"}],"version-history":[{"count":1,"href":"https:\/\/blogdoedvaldomagalhaes.com.br\/index.php\/wp-json\/wp\/v2\/posts\/2497\/revisions"}],"predecessor-version":[{"id":30510,"href":"https:\/\/blogdoedvaldomagalhaes.com.br\/index.php\/wp-json\/wp\/v2\/posts\/2497\/revisions\/30510"}],"wp:attachment":[{"href":"https:\/\/blogdoedvaldomagalhaes.com.br\/index.php\/wp-json\/wp\/v2\/media?parent=2497"}],"wp:term":[{"taxonomy":"category","embeddable":true,"href":"https:\/\/blogdoedvaldomagalhaes.com.br\/index.php\/wp-json\/wp\/v2\/categories?post=2497"},{"taxonomy":"post_tag","embeddable":true,"href":"https:\/\/blogdoedvaldomagalhaes.com.br\/index.php\/wp-json\/wp\/v2\/tags?post=2497"}],"curies":[{"name":"wp","href":"https:\/\/api.w.org\/{rel}","templated":true}]}}