{"id":2496,"date":"2018-05-08T16:07:00","date_gmt":"2018-05-08T19:07:00","guid":{"rendered":"http:\/\/blogdoedvaldomagalhaes.com.br\/index.php\/2018\/05\/08\/prefeitura-de-caruaru-notifica\/"},"modified":"2019-02-09T02:12:38","modified_gmt":"2019-02-09T04:12:38","slug":"prefeitura-de-caruaru-notifica","status":"publish","type":"post","link":"https:\/\/blogdoedvaldomagalhaes.com.br\/index.php\/2018\/05\/08\/prefeitura-de-caruaru-notifica\/","title":{"rendered":"Prefeitura de Caruaru notifica estabelecimento que cortou \u00e1rvores em estacionamento"},"content":{"rendered":"<div class=\"separator\" style=\"clear: both; text-align: center;\">\n<a href=\"https:\/\/2.bp.blogspot.com\/-z_s8Wqyp7OA\/WvHLQ9yUGZI\/AAAAAAAAwVQ\/gkvtQLSK2gUffkbGIK50jklaLC7-tNfyACLcBGAs\/s1600\/arvoveeres.jpg\" imageanchor=\"1\" style=\"margin-left: 1em; margin-right: 1em;\"><img loading=\"lazy\" decoding=\"async\" border=\"0\" data-original-height=\"270\" data-original-width=\"350\" height=\"492\" src=\"http:\/\/blogdoedvaldomagalhaes.com.br\/wp-content\/uploads\/2018\/05\/arvoveeres.jpg\" width=\"640\" \/><\/a><\/div>\n<div style=\"background-color: white; box-sizing: border-box; line-height: 24px; margin-bottom: 10px; text-align: justify;\">\n<\/div>\n<div style=\"background-color: white; box-sizing: border-box; line-height: 24px; margin-bottom: 10px; text-align: justify;\">\nO corte de \u00e1rvores em um estacionamento de um centro de compras na cidade de Caruaru, Agreste pernambucano, causou revolta em algumas pessoas. Uma internauta filmou o local onde dezenas de \u00e1rvores foram cortadas e a lenha seria destinada para fogueira.<\/div>\n<div style=\"background-color: white; box-sizing: border-box; line-height: 24px; margin-bottom: 10px; text-align: justify;\">\nA Secretaria de Urbanismo e Obras informou que a poda foi irregular, realizada em \u00e1rvores ex\u00f3ticas, da esp\u00e9cie Algaroba. Informou ainda que notificou o representante do estabelecimento comercial para prestar esclarecimentos e determina as medidas necess\u00e1rias para corre\u00e7\u00e3o do dano causado ao meio ambiente.<\/div>\n<div style=\"background-color: white; box-sizing: border-box; line-height: 24px; margin-bottom: 10px; text-align: justify;\">\nInforma\u00e7\u00f5es da R\u00e1dio Liberdade.<\/div>\n","protected":false},"excerpt":{"rendered":"<p>O corte de \u00e1rvores em um estacionamento de um centro de compras na cidade de Caruaru, Agreste pernambucano, causou revolta&hellip;<\/p>\n","protected":false},"author":1,"featured_media":0,"comment_status":"open","ping_status":"open","sticky":false,"template":"","format":"standard","meta":{"footnotes":""},"categories":[1],"tags":[2,6,1950,2706],"class_list":["post-2496","post","type-post","status-publish","format-standard","hentry","category-sem-categoria","tag-blog-do-edvaldo-magalhaes","tag-noticias","tag-noticias-de-caruaru","tag-prefeitura-de-caruaru-notifica-estabelecimento-que-cortou-arvores-em-estacionamento"],"_links":{"self":[{"href":"https:\/\/blogdoedvaldomagalhaes.com.br\/index.php\/wp-json\/wp\/v2\/posts\/2496","targetHints":{"allow":["GET"]}}],"collection":[{"href":"https:\/\/blogdoedvaldomagalhaes.com.br\/index.php\/wp-json\/wp\/v2\/posts"}],"about":[{"href":"https:\/\/blogdoedvaldomagalhaes.com.br\/index.php\/wp-json\/wp\/v2\/types\/post"}],"author":[{"embeddable":true,"href":"https:\/\/blogdoedvaldomagalhaes.com.br\/index.php\/wp-json\/wp\/v2\/users\/1"}],"replies":[{"embeddable":true,"href":"https:\/\/blogdoedvaldomagalhaes.com.br\/index.php\/wp-json\/wp\/v2\/comments?post=2496"}],"version-history":[{"count":1,"href":"https:\/\/blogdoedvaldomagalhaes.com.br\/index.php\/wp-json\/wp\/v2\/posts\/2496\/revisions"}],"predecessor-version":[{"id":30512,"href":"https:\/\/blogdoedvaldomagalhaes.com.br\/index.php\/wp-json\/wp\/v2\/posts\/2496\/revisions\/30512"}],"wp:attachment":[{"href":"https:\/\/blogdoedvaldomagalhaes.com.br\/index.php\/wp-json\/wp\/v2\/media?parent=2496"}],"wp:term":[{"taxonomy":"category","embeddable":true,"href":"https:\/\/blogdoedvaldomagalhaes.com.br\/index.php\/wp-json\/wp\/v2\/categories?post=2496"},{"taxonomy":"post_tag","embeddable":true,"href":"https:\/\/blogdoedvaldomagalhaes.com.br\/index.php\/wp-json\/wp\/v2\/tags?post=2496"}],"curies":[{"name":"wp","href":"https:\/\/api.w.org\/{rel}","templated":true}]}}