{"id":2495,"date":"2018-05-08T21:32:00","date_gmt":"2018-05-09T00:32:00","guid":{"rendered":"http:\/\/blogdoedvaldomagalhaes.com.br\/index.php\/2018\/05\/08\/jovem-que-estava-lavando-roupas-foi\/"},"modified":"2019-02-09T02:12:38","modified_gmt":"2019-02-09T04:12:38","slug":"jovem-que-estava-lavando-roupas-foi","status":"publish","type":"post","link":"https:\/\/blogdoedvaldomagalhaes.com.br\/index.php\/2018\/05\/08\/jovem-que-estava-lavando-roupas-foi\/","title":{"rendered":"Jovem que estava lavando roupas foi tirar a tomada da extens\u00e3o e morreu dentro de casa"},"content":{"rendered":"<p><\/p>\n<div class=\"separator\" style=\"clear: both; text-align: center;\">\n<a href=\"https:\/\/1.bp.blogspot.com\/-neGi9ugbJh0\/WvIWMd8t6tI\/AAAAAAAAwWc\/R8JfvDihuoQBCKjT0pRY-Tf3HQsWzPPywCLcBGAs\/s1600\/jovem.jpg\" imageanchor=\"1\" style=\"margin-left: 1em; margin-right: 1em;\"><img loading=\"lazy\" decoding=\"async\" border=\"0\" data-original-height=\"654\" data-original-width=\"960\" height=\"432\" src=\"http:\/\/blogdoedvaldomagalhaes.com.br\/wp-content\/uploads\/2018\/05\/jovem.jpg\" width=\"640\" \/><\/a><\/div>\n<div style=\"text-align: justify;\">\n<\/div>\n<div style=\"text-align: justify;\">\nO fato aconteceu nesta ter\u00e7a-feira (08), no Loteamento Santo Ant\u00f4nio, em Agrestina.&nbsp;A v\u00edtima foi Sheila Dayane da Silva, de 23 anos. Segundo informa\u00e7\u00f5es dos familiares, a jovem estava com o&nbsp;seu filho de 2 anos de idade, lavando roupas, quando foi tirar o fio do ferro el\u00e9trico da tomada da extens\u00e3o recebeu uma descarga el\u00e9trica, e morreu dentro da pr\u00f3pria resid\u00eancia. O cunhado da v\u00edtima quando chegou, encontrou Sheila e o seu filho olhando pra ela no ch\u00e3o, em seguida acionou o Samu, mas logo foi constatado o \u00f3bito.<\/p>\n<p><\/p>\n<div class=\"separator\" style=\"clear: both; text-align: center;\">\n<a href=\"https:\/\/3.bp.blogspot.com\/-_OkeD1HZMJM\/WvIY8Bc7ouI\/AAAAAAAAwWw\/-kpA7HWuxd8pw12IlC4rRqHYh6YcKrtwQCLcBGAs\/s1600\/ela.jpg\" imageanchor=\"1\" style=\"margin-left: 1em; margin-right: 1em;\"><img loading=\"lazy\" decoding=\"async\" border=\"0\" data-original-height=\"173\" data-original-width=\"154\" height=\"640\" src=\"http:\/\/blogdoedvaldomagalhaes.com.br\/wp-content\/uploads\/2018\/05\/ela-1.jpg\" width=\"569\" \/><\/a><\/div>\n<\/div>\n<p><\/p>\n<div style=\"text-align: justify;\">\n<\/div>\n<div style=\"text-align: justify;\">\nFonte: Gleidson Jos\u00e9<\/div>\n","protected":false},"excerpt":{"rendered":"<p>O fato aconteceu nesta ter\u00e7a-feira (08), no Loteamento Santo Ant\u00f4nio, em Agrestina.&nbsp;A v\u00edtima foi Sheila Dayane da Silva, de 23&hellip;<\/p>\n","protected":false},"author":1,"featured_media":0,"comment_status":"open","ping_status":"open","sticky":false,"template":"","format":"standard","meta":{"footnotes":""},"categories":[1],"tags":[2,2705,6],"class_list":["post-2495","post","type-post","status-publish","format-standard","hentry","category-sem-categoria","tag-blog-do-edvaldo-magalhaes","tag-jovem-que-estava-lavando-roupas-foi-tirar-a-tomada-da-extensao-e-morreu-dentro-de-casa","tag-noticias"],"_links":{"self":[{"href":"https:\/\/blogdoedvaldomagalhaes.com.br\/index.php\/wp-json\/wp\/v2\/posts\/2495","targetHints":{"allow":["GET"]}}],"collection":[{"href":"https:\/\/blogdoedvaldomagalhaes.com.br\/index.php\/wp-json\/wp\/v2\/posts"}],"about":[{"href":"https:\/\/blogdoedvaldomagalhaes.com.br\/index.php\/wp-json\/wp\/v2\/types\/post"}],"author":[{"embeddable":true,"href":"https:\/\/blogdoedvaldomagalhaes.com.br\/index.php\/wp-json\/wp\/v2\/users\/1"}],"replies":[{"embeddable":true,"href":"https:\/\/blogdoedvaldomagalhaes.com.br\/index.php\/wp-json\/wp\/v2\/comments?post=2495"}],"version-history":[{"count":1,"href":"https:\/\/blogdoedvaldomagalhaes.com.br\/index.php\/wp-json\/wp\/v2\/posts\/2495\/revisions"}],"predecessor-version":[{"id":30515,"href":"https:\/\/blogdoedvaldomagalhaes.com.br\/index.php\/wp-json\/wp\/v2\/posts\/2495\/revisions\/30515"}],"wp:attachment":[{"href":"https:\/\/blogdoedvaldomagalhaes.com.br\/index.php\/wp-json\/wp\/v2\/media?parent=2495"}],"wp:term":[{"taxonomy":"category","embeddable":true,"href":"https:\/\/blogdoedvaldomagalhaes.com.br\/index.php\/wp-json\/wp\/v2\/categories?post=2495"},{"taxonomy":"post_tag","embeddable":true,"href":"https:\/\/blogdoedvaldomagalhaes.com.br\/index.php\/wp-json\/wp\/v2\/tags?post=2495"}],"curies":[{"name":"wp","href":"https:\/\/api.w.org\/{rel}","templated":true}]}}