{"id":2494,"date":"2018-05-09T00:14:00","date_gmt":"2018-05-09T03:14:00","guid":{"rendered":"http:\/\/blogdoedvaldomagalhaes.com.br\/index.php\/2018\/05\/09\/incendio-destroi-casa-no-centro-de\/"},"modified":"2019-02-09T02:12:39","modified_gmt":"2019-02-09T04:12:39","slug":"incendio-destroi-casa-no-centro-de","status":"publish","type":"post","link":"https:\/\/blogdoedvaldomagalhaes.com.br\/index.php\/2018\/05\/09\/incendio-destroi-casa-no-centro-de\/","title":{"rendered":"Inc\u00eandio destr\u00f3i casa no centro de Caruaru e assusta vizinhos"},"content":{"rendered":"<div class=\"separator\" style=\"clear: both; text-align: center;\">\n<a href=\"https:\/\/1.bp.blogspot.com\/-l2pgKICTbL8\/WvI8gGxBTfI\/AAAAAAAAwYs\/U7J_k__ZsocteAUdO7T-B1TI8b_FOhzXQCLcBGAs\/s1600\/1.jpg\" imageanchor=\"1\" style=\"margin-left: 1em; margin-right: 1em;\"><img loading=\"lazy\" decoding=\"async\" border=\"0\" data-original-height=\"169\" data-original-width=\"300\" height=\"358\" src=\"http:\/\/blogdoedvaldomagalhaes.com.br\/wp-content\/uploads\/2018\/05\/1-3.jpg\" width=\"640\" \/><\/a><\/div>\n<div style=\"background-color: white; box-sizing: border-box; line-height: 24px; margin-bottom: 10px; text-align: justify;\">\n<\/div>\n<div style=\"background-color: white; box-sizing: border-box; line-height: 24px; margin-bottom: 10px; text-align: justify;\">\nUm inc\u00eandio destruiu uma casa na noite desta ter\u00e7a-feira (08), na Travessa da Concei\u00e7\u00e3o, Centro de Caruaru. O fogo come\u00e7ou por volta das 19h. Vizinhos disseram a reportagem da R\u00e1dio Liberdade que o sinistro foi provocado pelo pr\u00f3prio morador, eles contaram que momentos antes das chamas se alastrarem, o suspeito foi visto amea\u00e7ando botar fogo na resid\u00eancia, que era alugada e servia de dep\u00f3sito de capacete. Os motivos s\u00e3o desconhecidos e o morador fugiu.<\/div>\n<div class=\"separator\" style=\"clear: both; text-align: center;\">\n<a href=\"https:\/\/4.bp.blogspot.com\/-baCIaV2cgWU\/WvI9PT36VuI\/AAAAAAAAwY0\/zZkE1x0ZOPUuINaXhU2LpA9L-yF8hxSLwCLcBGAs\/s1600\/5.jpg\" imageanchor=\"1\" style=\"margin-left: 1em; margin-right: 1em;\"><img loading=\"lazy\" decoding=\"async\" border=\"0\" data-original-height=\"169\" data-original-width=\"300\" height=\"358\" src=\"http:\/\/blogdoedvaldomagalhaes.com.br\/wp-content\/uploads\/2018\/05\/5.jpg\" width=\"640\" \/><\/a><\/div>\n<div style=\"background-color: white; box-sizing: border-box; line-height: 24px; margin-bottom: 10px; text-align: justify;\">\n<\/div>\n<div style=\"background-color: white; box-sizing: border-box; line-height: 24px; margin-bottom: 10px; text-align: justify;\">\nAssustados e com medo que as chamas se alastrassem para casas vizinhas, os moradores retiraram m\u00f3veis e objetos. Uma casa vizinha chegou a ser atingida pelo fogo. N\u00e3o houve feridos. Na hora do desespero, um morador do local saiu de casa correndo, usando apenas uma cueca. Outro morador, ficou t\u00e3o atormentado, que n\u00e3o encontrou a chave da porta, sendo preciso os vizinhos quebrarem a porta, para ele sair de casa.<\/div>\n<div class=\"separator\" style=\"clear: both; text-align: center;\">\n<a href=\"https:\/\/2.bp.blogspot.com\/-LIBOocXEcoc\/WvI9UAl0IsI\/AAAAAAAAwY4\/HE87lUVRh6QZje18rhanUXDv9O2bWac-wCLcBGAs\/s1600\/3.jpg\" imageanchor=\"1\" style=\"margin-left: 1em; margin-right: 1em;\"><img loading=\"lazy\" decoding=\"async\" border=\"0\" data-original-height=\"169\" data-original-width=\"300\" height=\"358\" src=\"http:\/\/blogdoedvaldomagalhaes.com.br\/wp-content\/uploads\/2018\/05\/3.jpg\" width=\"640\" \/><\/a><\/div>\n<div style=\"background-color: white; box-sizing: border-box; line-height: 24px; margin-bottom: 10px; text-align: justify;\">\n<\/div>\n<div style=\"background-color: white; box-sizing: border-box; line-height: 24px; margin-bottom: 10px; text-align: justify;\">\nUma equipe do Corpo de Bombeiros e a Pol\u00edcia Militar estiveram no local. A resid\u00eancia fica \u00e0s margens do Rio Ipojuca, nas proximidades da ponde de acesso a Feira do Troca.<\/div>\n<div class=\"separator\" style=\"clear: both; text-align: center;\">\n<a href=\"https:\/\/2.bp.blogspot.com\/-a60kkUBP34A\/WvI9YDu8j9I\/AAAAAAAAwY8\/YlhL7DU72g8i8mPIAOy7uVNKqYuCyh-tgCLcBGAs\/s1600\/4.jpg\" imageanchor=\"1\" style=\"margin-left: 1em; margin-right: 1em;\"><img loading=\"lazy\" decoding=\"async\" border=\"0\" data-original-height=\"169\" data-original-width=\"300\" height=\"358\" src=\"http:\/\/blogdoedvaldomagalhaes.com.br\/wp-content\/uploads\/2018\/05\/4.jpg\" width=\"640\" \/><\/a><\/div>\n<div class=\"separator\" style=\"clear: both; text-align: center;\">\n<\/div>\n<div class=\"separator\" style=\"clear: both; text-align: left;\">\nFonte: R\u00e1dio Liberdade<\/div>\n","protected":false},"excerpt":{"rendered":"<p>Um inc\u00eandio destruiu uma casa na noite desta ter\u00e7a-feira (08), na Travessa da Concei\u00e7\u00e3o, Centro de Caruaru. O fogo come\u00e7ou&hellip;<\/p>\n","protected":false},"author":1,"featured_media":0,"comment_status":"open","ping_status":"open","sticky":false,"template":"","format":"standard","meta":{"footnotes":""},"categories":[1],"tags":[2,2704,6,1950],"class_list":["post-2494","post","type-post","status-publish","format-standard","hentry","category-sem-categoria","tag-blog-do-edvaldo-magalhaes","tag-incendio-destroi-casa-no-centro-de-caruaru-e-assusta-vizinhos","tag-noticias","tag-noticias-de-caruaru"],"_links":{"self":[{"href":"https:\/\/blogdoedvaldomagalhaes.com.br\/index.php\/wp-json\/wp\/v2\/posts\/2494","targetHints":{"allow":["GET"]}}],"collection":[{"href":"https:\/\/blogdoedvaldomagalhaes.com.br\/index.php\/wp-json\/wp\/v2\/posts"}],"about":[{"href":"https:\/\/blogdoedvaldomagalhaes.com.br\/index.php\/wp-json\/wp\/v2\/types\/post"}],"author":[{"embeddable":true,"href":"https:\/\/blogdoedvaldomagalhaes.com.br\/index.php\/wp-json\/wp\/v2\/users\/1"}],"replies":[{"embeddable":true,"href":"https:\/\/blogdoedvaldomagalhaes.com.br\/index.php\/wp-json\/wp\/v2\/comments?post=2494"}],"version-history":[{"count":1,"href":"https:\/\/blogdoedvaldomagalhaes.com.br\/index.php\/wp-json\/wp\/v2\/posts\/2494\/revisions"}],"predecessor-version":[{"id":30520,"href":"https:\/\/blogdoedvaldomagalhaes.com.br\/index.php\/wp-json\/wp\/v2\/posts\/2494\/revisions\/30520"}],"wp:attachment":[{"href":"https:\/\/blogdoedvaldomagalhaes.com.br\/index.php\/wp-json\/wp\/v2\/media?parent=2494"}],"wp:term":[{"taxonomy":"category","embeddable":true,"href":"https:\/\/blogdoedvaldomagalhaes.com.br\/index.php\/wp-json\/wp\/v2\/categories?post=2494"},{"taxonomy":"post_tag","embeddable":true,"href":"https:\/\/blogdoedvaldomagalhaes.com.br\/index.php\/wp-json\/wp\/v2\/tags?post=2494"}],"curies":[{"name":"wp","href":"https:\/\/api.w.org\/{rel}","templated":true}]}}