{"id":2493,"date":"2018-05-09T00:23:00","date_gmt":"2018-05-09T03:23:00","guid":{"rendered":"http:\/\/blogdoedvaldomagalhaes.com.br\/index.php\/2018\/05\/09\/homicidio-e-tentativa-de-homicidio-no\/"},"modified":"2019-02-09T02:12:39","modified_gmt":"2019-02-09T04:12:39","slug":"homicidio-e-tentativa-de-homicidio-no","status":"publish","type":"post","link":"https:\/\/blogdoedvaldomagalhaes.com.br\/index.php\/2018\/05\/09\/homicidio-e-tentativa-de-homicidio-no\/","title":{"rendered":"Homic\u00eddio e tentativa de homic\u00eddio no Cedro em Caruaru"},"content":{"rendered":"<div class=\"separator\" style=\"clear: both; text-align: center;\">\n<a href=\"https:\/\/1.bp.blogspot.com\/-6Pb14h_xx5M\/WvI--0DBmzI\/AAAAAAAAwZQ\/rUnjokZEUNYGpGpDqA8Sm48OzBhEBz18wCLcBGAs\/s1600\/ele%2B2.jpg\" imageanchor=\"1\" style=\"margin-left: 1em; margin-right: 1em;\"><img loading=\"lazy\" decoding=\"async\" border=\"0\" data-original-height=\"539\" data-original-width=\"960\" height=\"354\" src=\"http:\/\/blogdoedvaldomagalhaes.com.br\/wp-content\/uploads\/2018\/05\/ele2.jpg\" width=\"640\" \/><\/a><\/div>\n<div style=\"background-color: white; margin-bottom: 6px; margin-top: 6px; text-align: center;\">\nFotos: WhatsApp\/Cortesia<\/div>\n<div style=\"background-color: white; margin-bottom: 6px; margin-top: 6px; text-align: center;\">\n<\/div>\n<div style=\"background-color: white; margin-bottom: 6px; margin-top: 6px; text-align: justify;\">\nNa noite desta ter\u00e7a-feira (08), houve um homic\u00eddio e uma tentativa de homic\u00eddio dentro de uma resid\u00eancia na avenida Venezuela, no bairro Cedro, em Caruaru. Anselmo Manoel da Silva, de 41 anos de idade, conhecido popularmente por Camb\u00e3o, foi assassinado a tiros, enquanto que Emerson Bezerra da Silva, de 34 anos de idade, foi baleado e socorrido para o Hospital Regional do Agreste (HRA), pelo Samu.&nbsp;<\/p>\n<p>Este foi o 2\u00ba homic\u00eddio no m\u00eas de maio e o 70\u00ba do ano de 2018 em Caruaru.<\/p><\/div>\n<div class=\"text_exposed_show\" style=\"background-color: white; display: inline;\">\n<\/p>\n<\/div>\n","protected":false},"excerpt":{"rendered":"<p>Fotos: WhatsApp\/Cortesia Na noite desta ter\u00e7a-feira (08), houve um homic\u00eddio e uma tentativa de homic\u00eddio dentro de uma resid\u00eancia na&hellip;<\/p>\n","protected":false},"author":1,"featured_media":0,"comment_status":"open","ping_status":"open","sticky":false,"template":"","format":"standard","meta":{"footnotes":""},"categories":[1],"tags":[2,2703,1950,13],"class_list":["post-2493","post","type-post","status-publish","format-standard","hentry","category-sem-categoria","tag-blog-do-edvaldo-magalhaes","tag-homicidio-e-tentativa-de-homicidio-no-cedro-em-caruaru","tag-noticias-de-caruaru","tag-policial"],"_links":{"self":[{"href":"https:\/\/blogdoedvaldomagalhaes.com.br\/index.php\/wp-json\/wp\/v2\/posts\/2493","targetHints":{"allow":["GET"]}}],"collection":[{"href":"https:\/\/blogdoedvaldomagalhaes.com.br\/index.php\/wp-json\/wp\/v2\/posts"}],"about":[{"href":"https:\/\/blogdoedvaldomagalhaes.com.br\/index.php\/wp-json\/wp\/v2\/types\/post"}],"author":[{"embeddable":true,"href":"https:\/\/blogdoedvaldomagalhaes.com.br\/index.php\/wp-json\/wp\/v2\/users\/1"}],"replies":[{"embeddable":true,"href":"https:\/\/blogdoedvaldomagalhaes.com.br\/index.php\/wp-json\/wp\/v2\/comments?post=2493"}],"version-history":[{"count":1,"href":"https:\/\/blogdoedvaldomagalhaes.com.br\/index.php\/wp-json\/wp\/v2\/posts\/2493\/revisions"}],"predecessor-version":[{"id":30522,"href":"https:\/\/blogdoedvaldomagalhaes.com.br\/index.php\/wp-json\/wp\/v2\/posts\/2493\/revisions\/30522"}],"wp:attachment":[{"href":"https:\/\/blogdoedvaldomagalhaes.com.br\/index.php\/wp-json\/wp\/v2\/media?parent=2493"}],"wp:term":[{"taxonomy":"category","embeddable":true,"href":"https:\/\/blogdoedvaldomagalhaes.com.br\/index.php\/wp-json\/wp\/v2\/categories?post=2493"},{"taxonomy":"post_tag","embeddable":true,"href":"https:\/\/blogdoedvaldomagalhaes.com.br\/index.php\/wp-json\/wp\/v2\/tags?post=2493"}],"curies":[{"name":"wp","href":"https:\/\/api.w.org\/{rel}","templated":true}]}}