{"id":2492,"date":"2018-05-09T02:06:00","date_gmt":"2018-05-09T05:06:00","guid":{"rendered":"http:\/\/blogdoedvaldomagalhaes.com.br\/index.php\/2018\/05\/09\/sao-joao-sem-musicas-que-desvalorize\/"},"modified":"2019-02-09T02:12:40","modified_gmt":"2019-02-09T04:12:40","slug":"sao-joao-sem-musicas-que-desvalorize","status":"publish","type":"post","link":"https:\/\/blogdoedvaldomagalhaes.com.br\/index.php\/2018\/05\/09\/sao-joao-sem-musicas-que-desvalorize\/","title":{"rendered":"S\u00e3o Jo\u00e3o sem m\u00fasicas que desvalorizem a mulher \u00e9 pedido de Lula T\u00f4rres na C\u00e2mara"},"content":{"rendered":"<div class=\"separator\" style=\"clear: both; text-align: center;\">\n<a href=\"https:\/\/3.bp.blogspot.com\/-V7xh_2T4l5U\/WvJWazCpDwI\/AAAAAAAAwZs\/ZsQ5J2ajaDo7kxYAxPMQ0w2toQzCCAhrACLcBGAs\/s1600\/IMG-20180508-WA0315.jpg\" imageanchor=\"1\" style=\"margin-left: 1em; margin-right: 1em;\"><img loading=\"lazy\" decoding=\"async\" border=\"0\" data-original-height=\"900\" data-original-width=\"1280\" height=\"450\" src=\"http:\/\/blogdoedvaldomagalhaes.com.br\/wp-content\/uploads\/2018\/05\/IMG-20180508-WA0315.jpg\" width=\"640\" \/><\/a><\/div>\n<div class=\"separator\" style=\"clear: both; text-align: center;\">\nFoto: VladimirBarreto&nbsp;<\/div>\n<p>\nUm requerimento de autoria do Presidente da C\u00e2mara de Caruaru, vereador Lula T\u00f4rres (PSDB), solicita que os artistas contratados para tocar no S\u00e3o Jo\u00e3o de Caruaru 2018, n\u00e3o executem m\u00fasicas, dan\u00e7as ou coreografias que incentivem a viol\u00eancia contra as mulheres, homofobia, discrimina\u00e7\u00e3o racional ou apologia ao uso de drogas il\u00edcitas. A solicita\u00e7\u00e3o ainda prev\u00ea multa para os artistas que descumprirem a decis\u00e3o.&nbsp;<\/p>\n<p>O doutor em neurologia e neuroci\u00eancia pela Universidade Federal de S\u00e3o Paulo, Mauro Muzkat, afirma que \u201ca m\u00fasica, mais do que qualquer outra arte, tem representa\u00e7\u00e3o psicol\u00f3gica extensa, com acesso direto \u00e0 afetividade, controle de impulsos, emo\u00e7\u00f5es e motiva\u00e7\u00e3o\u201d.&nbsp;<\/p>\n<p>O requerimento direcionado a Presidente da Funda\u00e7\u00e3o de Cultura e Turismo, Maria Alves e a Prefeita Raquel Lyra, foi apresentado na C\u00e2mara nesta ter\u00e7a-feira (08) e deve ser aprovado na pr\u00f3xima quinta (10). De acordo com Lula T\u00f4rres, a medida \u00e9 necess\u00e1ria para que o S\u00e3o Jo\u00e3o de Caruaru n\u00e3o seja palco para m\u00fasicas que desvalorizem a mulher, e propaguem discrimina\u00e7\u00e3o contra negros e a popula\u00e7\u00e3o LGBTI.&nbsp;<\/p>\n<p>\u201cOs tempos est\u00e3o mudando. N\u00e3o podemos admitir que tais can\u00e7\u00f5es reproduzam machismo, homofobia, misoginia ou racismo no S\u00e3o Jo\u00e3o de Caruaru, que \u00e9 uma festa t\u00e3o bela, t\u00e3o rica em cultura e que recebe milhares de pessoas nos dias de shows\u201d.<\/p>\n","protected":false},"excerpt":{"rendered":"<p>Foto: VladimirBarreto&nbsp; Um requerimento de autoria do Presidente da C\u00e2mara de Caruaru, vereador Lula T\u00f4rres (PSDB), solicita que os artistas&hellip;<\/p>\n","protected":false},"author":1,"featured_media":0,"comment_status":"open","ping_status":"open","sticky":false,"template":"","format":"standard","meta":{"footnotes":""},"categories":[1],"tags":[2,20],"class_list":["post-2492","post","type-post","status-publish","format-standard","hentry","category-sem-categoria","tag-blog-do-edvaldo-magalhaes","tag-politica"],"_links":{"self":[{"href":"https:\/\/blogdoedvaldomagalhaes.com.br\/index.php\/wp-json\/wp\/v2\/posts\/2492","targetHints":{"allow":["GET"]}}],"collection":[{"href":"https:\/\/blogdoedvaldomagalhaes.com.br\/index.php\/wp-json\/wp\/v2\/posts"}],"about":[{"href":"https:\/\/blogdoedvaldomagalhaes.com.br\/index.php\/wp-json\/wp\/v2\/types\/post"}],"author":[{"embeddable":true,"href":"https:\/\/blogdoedvaldomagalhaes.com.br\/index.php\/wp-json\/wp\/v2\/users\/1"}],"replies":[{"embeddable":true,"href":"https:\/\/blogdoedvaldomagalhaes.com.br\/index.php\/wp-json\/wp\/v2\/comments?post=2492"}],"version-history":[{"count":1,"href":"https:\/\/blogdoedvaldomagalhaes.com.br\/index.php\/wp-json\/wp\/v2\/posts\/2492\/revisions"}],"predecessor-version":[{"id":30524,"href":"https:\/\/blogdoedvaldomagalhaes.com.br\/index.php\/wp-json\/wp\/v2\/posts\/2492\/revisions\/30524"}],"wp:attachment":[{"href":"https:\/\/blogdoedvaldomagalhaes.com.br\/index.php\/wp-json\/wp\/v2\/media?parent=2492"}],"wp:term":[{"taxonomy":"category","embeddable":true,"href":"https:\/\/blogdoedvaldomagalhaes.com.br\/index.php\/wp-json\/wp\/v2\/categories?post=2492"},{"taxonomy":"post_tag","embeddable":true,"href":"https:\/\/blogdoedvaldomagalhaes.com.br\/index.php\/wp-json\/wp\/v2\/tags?post=2492"}],"curies":[{"name":"wp","href":"https:\/\/api.w.org\/{rel}","templated":true}]}}