{"id":2491,"date":"2018-05-09T10:39:00","date_gmt":"2018-05-09T13:39:00","guid":{"rendered":"http:\/\/blogdoedvaldomagalhaes.com.br\/index.php\/2018\/05\/09\/caravana-de-direito-penal-chega-caruaru\/"},"modified":"2019-02-09T02:12:40","modified_gmt":"2019-02-09T04:12:40","slug":"caravana-de-direito-penal-chega-caruaru","status":"publish","type":"post","link":"https:\/\/blogdoedvaldomagalhaes.com.br\/index.php\/2018\/05\/09\/caravana-de-direito-penal-chega-caruaru\/","title":{"rendered":"Caravana de Direito Penal chega a Caruaru nesta quarta-feira"},"content":{"rendered":"<div class=\"separator\" style=\"clear: both; text-align: center;\">\n<a href=\"https:\/\/1.bp.blogspot.com\/-plm6-r7VwNo\/WvLPv-g-MAI\/AAAAAAAAwZ8\/orUhvoI3j-Y80KBV8MhrGKzDdkWNj6DUgCLcBGAs\/s1600\/oab.jpeg\" imageanchor=\"1\" style=\"margin-left: 1em; margin-right: 1em;\"><img loading=\"lazy\" decoding=\"async\" border=\"0\" data-original-height=\"308\" data-original-width=\"500\" height=\"390\" src=\"http:\/\/blogdoedvaldomagalhaes.com.br\/wp-content\/uploads\/2018\/05\/oab.jpeg\" width=\"640\" \/><\/a><\/div>\n<div style=\"background-color: white; box-sizing: border-box; line-height: 24px; margin-bottom: 10px; text-align: justify;\">\n<\/div>\n<div style=\"background-color: white; box-sizing: border-box; line-height: 24px; margin-bottom: 10px; text-align: justify;\">\nQuest\u00f5es controvertidas do Direito Penal s\u00e3o o tema da Caravana de Direito Penal que ser\u00e1 realizada pela Escola Superior de Advocacia de Pernambuco (ESA) da OAB-PE, nesta quarta-feira (09), \u00e0s 18h30, em Caruaru. A caravana leva aos munic\u00edpios do interior do Estado cursos sobre temas atuais.<\/div>\n<div style=\"background-color: white; box-sizing: border-box; line-height: 24px; margin-bottom: 10px; text-align: justify;\">\nO encontro acontece na sede da OAB Caruaru e ter\u00e1 a participa\u00e7\u00e3o dos professores Yuri Herculano, Amanda Barbalho e Jos\u00e9 Luiz Galv\u00e3o.<\/div>\n<div style=\"background-color: white; box-sizing: border-box; line-height: 24px; margin-bottom: 10px; text-align: justify;\">\nYuri Herculano abordar\u00e1 o tema execu\u00e7\u00e3o provis\u00f3ria da pena. Amanda Barbalho falar\u00e1 sobre delitos de tr\u00e2nsito e Jos\u00e9 Luiz Galv\u00e3o tratar\u00e1 da dosimetria da pena e suas particularidades. As inscri\u00e7\u00f5es podem ser feitas no site da ESA-PE (<a href=\"http:\/\/www.esape.com.br\/\" style=\"background-color: transparent; box-sizing: border-box; text-decoration-line: none; transition: 0.3s;\"><strong style=\"box-sizing: border-box;\">esape.com.br<\/strong><\/a>) e custam 30 reais.<\/div>\n<div style=\"background-color: white; box-sizing: border-box; line-height: 24px; margin-bottom: 10px; text-align: justify;\">\nInforma\u00e7\u00f5es da R\u00e1dio Liberdade.<\/div>\n<div style=\"background-color: white; box-sizing: border-box; line-height: 24px; margin-bottom: 10px; text-align: justify;\">\n<\/div>\n","protected":false},"excerpt":{"rendered":"<p>Quest\u00f5es controvertidas do Direito Penal s\u00e3o o tema da Caravana de Direito Penal que ser\u00e1 realizada pela Escola Superior de&hellip;<\/p>\n","protected":false},"author":1,"featured_media":0,"comment_status":"open","ping_status":"open","sticky":false,"template":"","format":"standard","meta":{"footnotes":""},"categories":[1],"tags":[2,2702,6,1950],"class_list":["post-2491","post","type-post","status-publish","format-standard","hentry","category-sem-categoria","tag-blog-do-edvaldo-magalhaes","tag-caravana-de-direito-penal-chega-a-caruaru-nesta-quarta-feira","tag-noticias","tag-noticias-de-caruaru"],"_links":{"self":[{"href":"https:\/\/blogdoedvaldomagalhaes.com.br\/index.php\/wp-json\/wp\/v2\/posts\/2491","targetHints":{"allow":["GET"]}}],"collection":[{"href":"https:\/\/blogdoedvaldomagalhaes.com.br\/index.php\/wp-json\/wp\/v2\/posts"}],"about":[{"href":"https:\/\/blogdoedvaldomagalhaes.com.br\/index.php\/wp-json\/wp\/v2\/types\/post"}],"author":[{"embeddable":true,"href":"https:\/\/blogdoedvaldomagalhaes.com.br\/index.php\/wp-json\/wp\/v2\/users\/1"}],"replies":[{"embeddable":true,"href":"https:\/\/blogdoedvaldomagalhaes.com.br\/index.php\/wp-json\/wp\/v2\/comments?post=2491"}],"version-history":[{"count":1,"href":"https:\/\/blogdoedvaldomagalhaes.com.br\/index.php\/wp-json\/wp\/v2\/posts\/2491\/revisions"}],"predecessor-version":[{"id":30526,"href":"https:\/\/blogdoedvaldomagalhaes.com.br\/index.php\/wp-json\/wp\/v2\/posts\/2491\/revisions\/30526"}],"wp:attachment":[{"href":"https:\/\/blogdoedvaldomagalhaes.com.br\/index.php\/wp-json\/wp\/v2\/media?parent=2491"}],"wp:term":[{"taxonomy":"category","embeddable":true,"href":"https:\/\/blogdoedvaldomagalhaes.com.br\/index.php\/wp-json\/wp\/v2\/categories?post=2491"},{"taxonomy":"post_tag","embeddable":true,"href":"https:\/\/blogdoedvaldomagalhaes.com.br\/index.php\/wp-json\/wp\/v2\/tags?post=2491"}],"curies":[{"name":"wp","href":"https:\/\/api.w.org\/{rel}","templated":true}]}}