{"id":249,"date":"2019-01-11T13:24:00","date_gmt":"2019-01-11T15:24:00","guid":{"rendered":"http:\/\/blogdoedvaldomagalhaes.com.br\/index.php\/2019\/01\/11\/confira-as-atracoes-da-festa-de-sao\/"},"modified":"2019-02-09T02:49:00","modified_gmt":"2019-02-09T04:49:00","slug":"confira-as-atracoes-da-festa-de-sao","status":"publish","type":"post","link":"https:\/\/blogdoedvaldomagalhaes.com.br\/index.php\/2019\/01\/11\/confira-as-atracoes-da-festa-de-sao\/","title":{"rendered":"Confira as atra\u00e7\u00f5es da Festa de S\u00e3o Sebasti\u00e3o da Vila do Vitorino de Riacho das Almas"},"content":{"rendered":"<div class=\"separator\" style=\"clear: both; text-align: center;\">\n<a href=\"https:\/\/2.bp.blogspot.com\/-K1Nb_d1YkVw\/XDiYx6XmE1I\/AAAAAAABA8o\/MejF-and_rU68mMZsX299pGlLWLTQEXCACLcBGAs\/s1600\/IMG-20190111-WA0023.jpg\" imageanchor=\"1\" style=\"margin-left: 1em; margin-right: 1em;\"><img loading=\"lazy\" decoding=\"async\" border=\"0\" data-original-height=\"1119\" data-original-width=\"1280\" height=\"558\" src=\"http:\/\/blogdoedvaldomagalhaes.com.br\/wp-content\/uploads\/2019\/01\/IMG-20190111-WA0023.jpg\" width=\"640\" \/><\/a><\/div>\n<p><\/p>\n<div style=\"text-align: justify;\">\nComemora\u00e7\u00e3o em homenagem ao padroeiro da comunidade ser\u00e1 realizada neste s\u00e1bado (12).<\/div>\n<div style=\"text-align: justify;\">\n<\/div>\n<div style=\"text-align: justify;\">\nA Prefeitura de Riacho das Almas divulgou as atra\u00e7\u00f5es que se apresentar\u00e3o na Festa de S\u00e3o Sebasti\u00e3o, na Vila do Vitorino. O encerramento da festa ser\u00e1 neste s\u00e1bado (12), ap\u00f3s o t\u00e9rmino das celebra\u00e7\u00f5es religiosas em homenagem ao padroeiro da comunidade que est\u00e3o sendo realizadas durante esta semana.<\/div>\n<div style=\"text-align: justify;\">\n<\/div>\n<div style=\"text-align: justify;\">\nOs shows come\u00e7am a partir das 21h. A primeira atra\u00e7\u00e3o a se apresentar \u00e9 a banda Forr\u00f3 Pegada Pesada, que trar\u00e1 muito forr\u00f3 para a comunidade. Em seguida, sobe ao palco a Banda Paix\u00e3o Nordestina.&nbsp;<\/div>\n<div style=\"text-align: justify;\">\n<\/div>\n<div style=\"text-align: justify;\">\nA festa contar\u00e1 com toda a estrutura e seguran\u00e7a que j\u00e1 s\u00e3o marca dos eventos realizados pela Prefeitura de Riacho das Almas.<\/div>\n<div style=\"text-align: justify;\">\n<br \/>\nInforma\u00e7\u00f5es: Renata Miura\/Assessoria de Imprensa.<\/p>\n<\/div>\n","protected":false},"excerpt":{"rendered":"<p>Comemora\u00e7\u00e3o em homenagem ao padroeiro da comunidade ser\u00e1 realizada neste s\u00e1bado (12). A Prefeitura de Riacho das Almas divulgou as&hellip;<\/p>\n","protected":false},"author":1,"featured_media":0,"comment_status":"open","ping_status":"open","sticky":false,"template":"","format":"standard","meta":{"footnotes":""},"categories":[1],"tags":[2,257,6],"class_list":["post-249","post","type-post","status-publish","format-standard","hentry","category-sem-categoria","tag-blog-do-edvaldo-magalhaes","tag-confira-as-atracoes-da-festa-de-sao-sebastiao-da-vila-do-vitorino-de-riacho-das-almas","tag-noticias"],"_links":{"self":[{"href":"https:\/\/blogdoedvaldomagalhaes.com.br\/index.php\/wp-json\/wp\/v2\/posts\/249","targetHints":{"allow":["GET"]}}],"collection":[{"href":"https:\/\/blogdoedvaldomagalhaes.com.br\/index.php\/wp-json\/wp\/v2\/posts"}],"about":[{"href":"https:\/\/blogdoedvaldomagalhaes.com.br\/index.php\/wp-json\/wp\/v2\/types\/post"}],"author":[{"embeddable":true,"href":"https:\/\/blogdoedvaldomagalhaes.com.br\/index.php\/wp-json\/wp\/v2\/users\/1"}],"replies":[{"embeddable":true,"href":"https:\/\/blogdoedvaldomagalhaes.com.br\/index.php\/wp-json\/wp\/v2\/comments?post=249"}],"version-history":[{"count":1,"href":"https:\/\/blogdoedvaldomagalhaes.com.br\/index.php\/wp-json\/wp\/v2\/posts\/249\/revisions"}],"predecessor-version":[{"id":37385,"href":"https:\/\/blogdoedvaldomagalhaes.com.br\/index.php\/wp-json\/wp\/v2\/posts\/249\/revisions\/37385"}],"wp:attachment":[{"href":"https:\/\/blogdoedvaldomagalhaes.com.br\/index.php\/wp-json\/wp\/v2\/media?parent=249"}],"wp:term":[{"taxonomy":"category","embeddable":true,"href":"https:\/\/blogdoedvaldomagalhaes.com.br\/index.php\/wp-json\/wp\/v2\/categories?post=249"},{"taxonomy":"post_tag","embeddable":true,"href":"https:\/\/blogdoedvaldomagalhaes.com.br\/index.php\/wp-json\/wp\/v2\/tags?post=249"}],"curies":[{"name":"wp","href":"https:\/\/api.w.org\/{rel}","templated":true}]}}