{"id":2489,"date":"2018-05-09T15:42:00","date_gmt":"2018-05-09T18:42:00","guid":{"rendered":"http:\/\/blogdoedvaldomagalhaes.com.br\/index.php\/2018\/05\/09\/filmes-gratuitos-para-todas-as-idades\/"},"modified":"2019-02-09T02:12:42","modified_gmt":"2019-02-09T04:12:42","slug":"filmes-gratuitos-para-todas-as-idades","status":"publish","type":"post","link":"https:\/\/blogdoedvaldomagalhaes.com.br\/index.php\/2018\/05\/09\/filmes-gratuitos-para-todas-as-idades\/","title":{"rendered":"Filmes gratuitos para todas as idades na programa\u00e7\u00e3o de Cinema do Sesc"},"content":{"rendered":"<div class=\"MsoNormal\" style=\"background-color: white; color: #222222; text-align: justify;\">\n<\/div>\n<div class=\"separator\" style=\"clear: both; text-align: center;\">\n<a href=\"https:\/\/3.bp.blogspot.com\/-tiGpsZ-36Ps\/WvMWcp7PkJI\/AAAAAAAAwa0\/XksYyzhGcqITdjpyI69U1wyWHSXPbCbJwCLcBGAs\/s1600\/3.jpg\" imageanchor=\"1\" style=\"margin-left: 1em; margin-right: 1em;\"><img loading=\"lazy\" decoding=\"async\" border=\"0\" data-original-height=\"784\" data-original-width=\"1181\" height=\"424\" src=\"http:\/\/blogdoedvaldomagalhaes.com.br\/wp-content\/uploads\/2018\/05\/3-1.jpg\" width=\"640\" \/><\/a><\/div>\n<div class=\"MsoNormal\" style=\"background: white; line-height: normal; margin-bottom: .0001pt; margin-bottom: 0cm; text-align: justify;\">\n<\/div>\n<div class=\"MsoNormal\" style=\"background: white; line-height: normal; margin-bottom: .0001pt; margin-bottom: 0cm; text-align: justify;\">\nO m\u00eas de maio tamb\u00e9m \u00e9 de cinema no<br \/>\nSesc Caruaru. Nos dias 9, 16, 23 e 30 deste m\u00eas, sempre \u00e0s 9h30, 15h e 19h30,<br \/>\nhaver\u00e1 sess\u00e3o gratuita no Teatro Rui Limeira Rosal. As obras que estar\u00e3o em<br \/>\ncartaz atendem todas as faixas et\u00e1rias. S\u00e3o elas: \u201cTotalmente inocentes\u201d, \u201cO<br \/>\nconto da princesa Kaguya\u201d, \u201cOnde est\u00e1 a felicidade?\u201d, \u201cO mundo dos pequeninos\u201d,<br \/>\n\u201cDe pernas pro ar\u201d, \u201cOs insetos gigantes\u201d e \u201cDesenrola\u201d.<\/div>\n<div class=\"MsoNormal\" style=\"background: white; line-height: normal; margin-bottom: .0001pt; margin-bottom: 0cm; text-align: justify;\">\n<\/div>\n<div class=\"separator\" style=\"clear: both; text-align: center;\">\n<a href=\"https:\/\/4.bp.blogspot.com\/-fbZF2OsiIOI\/WvMWhEbSuNI\/AAAAAAAAwa4\/Fp0hn0vbens_2bMYFz81j9JLZPEjcC8CgCLcBGAs\/s1600\/1.jpg\" imageanchor=\"1\" style=\"margin-left: 1em; margin-right: 1em;\"><img loading=\"lazy\" decoding=\"async\" border=\"0\" data-original-height=\"797\" data-original-width=\"1200\" height=\"424\" src=\"http:\/\/blogdoedvaldomagalhaes.com.br\/wp-content\/uploads\/2018\/05\/1-4.jpg\" width=\"640\" \/><\/a><\/div>\n<p><\/p>\n<div class=\"MsoNormal\" style=\"background: white; line-height: normal; margin-bottom: .0001pt; margin-bottom: 0cm; text-align: justify;\">\n<\/div>\n<div class=\"MsoNormal\" style=\"background: white; line-height: normal; margin-bottom: .0001pt; margin-bottom: 0cm; text-align: justify;\">\nNesta quarta-feira (9), \u00e0s 19h30, com<br \/>\nindica\u00e7\u00e3o a partir de 14 anos, ser\u00e1 apresentada a com\u00e9dia nacional \u201cTotalmente<br \/>\nInocentes\u201d. O longa conta a hist\u00f3ria de Da F\u00e9 (Lucas d&#8217;Jesus) que \u00e9<br \/>\nperdidamente apaixonado por Gildinha (Mariana Rios), irm\u00e3 de Bracinho (Gleison<br \/>\nSilva), seu melhor amigo, com um enredo que promete muitas risadas.<\/div>\n<div class=\"MsoNormal\" style=\"background: white; line-height: normal; margin-bottom: .0001pt; margin-bottom: 0cm; text-align: justify;\">\n<\/div>\n<div class=\"separator\" style=\"clear: both; text-align: center;\">\n<a href=\"https:\/\/4.bp.blogspot.com\/-p12AW6oyeWk\/WvMWmS4G8UI\/AAAAAAAAwa8\/A6cTL3-Mtag1QOHl3O2noSroS_wYYKzRgCLcBGAs\/s1600\/4.jpg\" imageanchor=\"1\" style=\"margin-left: 1em; margin-right: 1em;\"><img loading=\"lazy\" decoding=\"async\" border=\"0\" data-original-height=\"705\" data-original-width=\"1252\" height=\"360\" src=\"http:\/\/blogdoedvaldomagalhaes.com.br\/wp-content\/uploads\/2018\/05\/4-1.jpg\" width=\"640\" \/><\/a><\/div>\n<p><\/p>\n<div class=\"MsoNormal\" style=\"background: white; line-height: normal; margin-bottom: .0001pt; margin-bottom: 0cm; text-align: justify;\">\n<\/div>\n<div class=\"MsoNormal\" style=\"background: white; line-height: normal; margin-bottom: .0001pt; margin-bottom: 0cm; text-align: justify;\">\nJ\u00e1 no dia 16, \u00e0s 9h30 e 15h, \u201cO Conto<br \/>\nda Princesa Kaguya\u201d ser\u00e1 um entretenimento para o p\u00fablico, especialmente para a<br \/>\ngarotada. A anima\u00e7\u00e3o \u00e9 baseada no conto popular japon\u00eas \u201cO corte do bambu\u201d. \u00c0s<br \/>\n19h, o cinema nacional ganha a tela com a exibi\u00e7\u00e3o da com\u00e9dia \u201cOnde est\u00e1 a<br \/>\nfelicidade\u201d.&nbsp; A obra conta a hist\u00f3ria de Teodora (Bruna Lombardi) que<br \/>\nparte em uma viagem pelo Caminho de Santiago da Compostela ap\u00f3s descobrir que o<br \/>\nmarido (Bruno Garcia) est\u00e1 mantendo uma rela\u00e7\u00e3o virtual. A classifica\u00e7\u00e3o \u00e9 de<br \/>\n12 anos.<\/div>\n<div class=\"MsoNormal\" style=\"background: white; line-height: normal; margin-bottom: .0001pt; margin-bottom: 0cm; text-align: justify;\">\n<\/div>\n<div class=\"separator\" style=\"clear: both; text-align: center;\">\n<a href=\"https:\/\/3.bp.blogspot.com\/-yrrpKezRkmI\/WvMWran_XhI\/AAAAAAAAwbA\/ZWGM8cDQaC8_nFfmJJtLEP0W3XnFojU7ACLcBGAs\/s1600\/6.jpeg\" imageanchor=\"1\" style=\"margin-left: 1em; margin-right: 1em;\"><img loading=\"lazy\" decoding=\"async\" border=\"0\" data-original-height=\"613\" data-original-width=\"899\" height=\"436\" src=\"http:\/\/blogdoedvaldomagalhaes.com.br\/wp-content\/uploads\/2018\/05\/6.jpeg\" width=\"640\" \/><\/a><\/div>\n<div class=\"separator\" style=\"clear: both; text-align: center;\">\n<\/div>\n<p><\/p>\n<div class=\"MsoNormal\" style=\"background: white; line-height: normal; margin-bottom: .0001pt; margin-bottom: 0cm; text-align: justify;\">\n\u201cO Mundo dos Pequeninos\u201d ser\u00e1 exibido<br \/>\nno dia 23 de maio, \u00e0s 9h30 e \u00e0s 15h com classifica\u00e7\u00e3o&nbsp;livre, e \u00e0 noite, \u00e0s<br \/>\n19h, \u00e9 a vez da com\u00e9dia nacional: \u201cDe pernas pro Ar\u201d. O longa apresenta ao<br \/>\np\u00fablico Alice (Ingrid Guimar\u00e3es), uma workaholic,&nbsp;<a href=\"https:\/\/www.blogger.com\/u\/1\/null\" name=\"m_-7477661662938619074__GoBack\"><\/a>que tenta se equilibrar entre a vida<br \/>\npessoal e o trabalho. A classifica\u00e7\u00e3o indicativa \u00e9 de 14 anos.&nbsp;<\/div>\n<div class=\"MsoNormal\" style=\"background: white; line-height: normal; margin-bottom: .0001pt; margin-bottom: 0cm; text-align: justify;\">\n<\/div>\n<div class=\"separator\" style=\"clear: both; text-align: center;\">\n<a href=\"https:\/\/2.bp.blogspot.com\/-tkBbiCVwSa8\/WvMWxKkpzBI\/AAAAAAAAwbM\/4aKEmtDf2TcgtaTZ-FghCLl8gxE-ck2iQCLcBGAs\/s1600\/5.jpg\" imageanchor=\"1\" style=\"margin-left: 1em; margin-right: 1em;\"><img loading=\"lazy\" decoding=\"async\" border=\"0\" data-original-height=\"465\" data-original-width=\"620\" height=\"480\" src=\"http:\/\/blogdoedvaldomagalhaes.com.br\/wp-content\/uploads\/2018\/05\/5-1.jpg\" width=\"640\" \/><\/a><\/div>\n<p><\/p>\n<div class=\"MsoNormal\" style=\"background: white; line-height: normal; margin-bottom: .0001pt; margin-bottom: 0cm; text-align: justify;\">\n<\/div>\n<div class=\"MsoNormal\" style=\"background: white; line-height: normal; margin-bottom: .0001pt; margin-bottom: 0cm; text-align: justify;\">\nEncerrando a programa\u00e7\u00e3o do m\u00eas, no<br \/>\ndia 30 de maio, \u00e0s 9h30 e \u00e0s 15h, o universo musical de \u201cO Grilo e os&nbsp;Insetos<br \/>\nGigantes\u201d traz para o p\u00fablico a hist\u00f3ria do Grilo Feliz, que deseja gravar um<br \/>\nCD, assim como os sapos do lugar que formam uma banda de Rap. A classifica\u00e7\u00e3o<br \/>\nindicativa \u00e9 livre. \u00c0s 19h, ser\u00e1 exibido o filme \u201cDesenrola\u201d com dire\u00e7\u00e3o de<br \/>\nRosane Svartman.<\/div>\n<div class=\"MsoNormal\" style=\"background: white; line-height: normal; margin-bottom: .0001pt; margin-bottom: 0cm; text-align: justify;\">\n<\/div>\n<p><\/p>\n","protected":false},"excerpt":{"rendered":"<p>O m\u00eas de maio tamb\u00e9m \u00e9 de cinema no Sesc Caruaru. Nos dias 9, 16, 23 e 30 deste m\u00eas,&hellip;<\/p>\n","protected":false},"author":1,"featured_media":0,"comment_status":"open","ping_status":"open","sticky":false,"template":"","format":"standard","meta":{"footnotes":""},"categories":[1],"tags":[2,2701,6],"class_list":["post-2489","post","type-post","status-publish","format-standard","hentry","category-sem-categoria","tag-blog-do-edvaldo-magalhaes","tag-filmes-gratuitos-para-todas-as-idades-na-programacao-de-cinema-do-sesc","tag-noticias"],"_links":{"self":[{"href":"https:\/\/blogdoedvaldomagalhaes.com.br\/index.php\/wp-json\/wp\/v2\/posts\/2489","targetHints":{"allow":["GET"]}}],"collection":[{"href":"https:\/\/blogdoedvaldomagalhaes.com.br\/index.php\/wp-json\/wp\/v2\/posts"}],"about":[{"href":"https:\/\/blogdoedvaldomagalhaes.com.br\/index.php\/wp-json\/wp\/v2\/types\/post"}],"author":[{"embeddable":true,"href":"https:\/\/blogdoedvaldomagalhaes.com.br\/index.php\/wp-json\/wp\/v2\/users\/1"}],"replies":[{"embeddable":true,"href":"https:\/\/blogdoedvaldomagalhaes.com.br\/index.php\/wp-json\/wp\/v2\/comments?post=2489"}],"version-history":[{"count":1,"href":"https:\/\/blogdoedvaldomagalhaes.com.br\/index.php\/wp-json\/wp\/v2\/posts\/2489\/revisions"}],"predecessor-version":[{"id":30538,"href":"https:\/\/blogdoedvaldomagalhaes.com.br\/index.php\/wp-json\/wp\/v2\/posts\/2489\/revisions\/30538"}],"wp:attachment":[{"href":"https:\/\/blogdoedvaldomagalhaes.com.br\/index.php\/wp-json\/wp\/v2\/media?parent=2489"}],"wp:term":[{"taxonomy":"category","embeddable":true,"href":"https:\/\/blogdoedvaldomagalhaes.com.br\/index.php\/wp-json\/wp\/v2\/categories?post=2489"},{"taxonomy":"post_tag","embeddable":true,"href":"https:\/\/blogdoedvaldomagalhaes.com.br\/index.php\/wp-json\/wp\/v2\/tags?post=2489"}],"curies":[{"name":"wp","href":"https:\/\/api.w.org\/{rel}","templated":true}]}}