{"id":248,"date":"2019-01-11T14:33:00","date_gmt":"2019-01-11T16:33:00","guid":{"rendered":"http:\/\/blogdoedvaldomagalhaes.com.br\/index.php\/2019\/01\/11\/morre-carminha-parteirarezadeira-mae-da\/"},"modified":"2019-02-09T02:49:00","modified_gmt":"2019-02-09T04:49:00","slug":"morre-carminha-parteirarezadeira-mae-da","status":"publish","type":"post","link":"https:\/\/blogdoedvaldomagalhaes.com.br\/index.php\/2019\/01\/11\/morre-carminha-parteirarezadeira-mae-da\/","title":{"rendered":"Morre Carminha Parteira\/Rezadeira, m\u00e3e da vereadora Zez\u00e9 Parteira"},"content":{"rendered":"<div class=\"separator\" style=\"clear: both; text-align: center;\">\n<a href=\"https:\/\/2.bp.blogspot.com\/-LcmcbMmsk_c\/XDioaqAzYnI\/AAAAAAABA8w\/eSsUtVO91mw5QVWcq5yqSzUHj3l26qOXgCLcBGAs\/s1600\/50012421_308727233090439_4097424235180326912_n.jpg\" imageanchor=\"1\" style=\"margin-left: 1em; margin-right: 1em;\"><img loading=\"lazy\" decoding=\"async\" border=\"0\" data-original-height=\"166\" data-original-width=\"280\" height=\"379\" src=\"http:\/\/blogdoedvaldomagalhaes.com.br\/wp-content\/uploads\/2019\/01\/50012421_308727233090439_4097424235180326912_n.jpg\" width=\"640\" \/><\/a><\/div>\n<p><\/p>\n<div style=\"text-align: justify;\">\n<\/div>\n<div style=\"text-align: justify;\">\n<b>Nota de falecimento<\/b><\/p>\n<p>\u00c9 com grande tristeza que o Poder Legislativo de Caruaru comunica o falecimento da *m\u00e3e da vereadora Zez\u00e9 Parteira*, a senhora *Maria do Carmo da Concei\u00e7\u00e3o, conhecida como Carminha Parteira*, na noite dessa quinta-feira(10).&nbsp;<\/p>\n<p>Carminha partiu desse mundo aos 81 anos de idade, deixando 4 filhos, 29 netos e 27 bisnetos.<\/p>\n<p>A vereadora informou que o cortejo deve sair, \u00e0s 16h, da casa de Parto Mam\u00e3e Zez\u00e9 (na Vila Barra de Taquara de Cima), em dire\u00e7\u00e3o ao cemit\u00e9rio do Alto do Moura, onde o corpo ser\u00e1 sepultado.<\/p>\n<p><a name='more'><\/a><\/div>\n","protected":false},"excerpt":{"rendered":"<p>Nota de falecimento \u00c9 com grande tristeza que o Poder Legislativo de Caruaru comunica o falecimento da *m\u00e3e da vereadora&hellip;<\/p>\n","protected":false},"author":1,"featured_media":0,"comment_status":"open","ping_status":"open","sticky":false,"template":"","format":"standard","meta":{"footnotes":""},"categories":[1],"tags":[2,255,256,6],"class_list":["post-248","post","type-post","status-publish","format-standard","hentry","category-sem-categoria","tag-blog-do-edvaldo-magalhaes","tag-mae-da-vereadora-zeze-parteira","tag-morre-carminha-parteira-rezadeira","tag-noticias"],"_links":{"self":[{"href":"https:\/\/blogdoedvaldomagalhaes.com.br\/index.php\/wp-json\/wp\/v2\/posts\/248","targetHints":{"allow":["GET"]}}],"collection":[{"href":"https:\/\/blogdoedvaldomagalhaes.com.br\/index.php\/wp-json\/wp\/v2\/posts"}],"about":[{"href":"https:\/\/blogdoedvaldomagalhaes.com.br\/index.php\/wp-json\/wp\/v2\/types\/post"}],"author":[{"embeddable":true,"href":"https:\/\/blogdoedvaldomagalhaes.com.br\/index.php\/wp-json\/wp\/v2\/users\/1"}],"replies":[{"embeddable":true,"href":"https:\/\/blogdoedvaldomagalhaes.com.br\/index.php\/wp-json\/wp\/v2\/comments?post=248"}],"version-history":[{"count":1,"href":"https:\/\/blogdoedvaldomagalhaes.com.br\/index.php\/wp-json\/wp\/v2\/posts\/248\/revisions"}],"predecessor-version":[{"id":37387,"href":"https:\/\/blogdoedvaldomagalhaes.com.br\/index.php\/wp-json\/wp\/v2\/posts\/248\/revisions\/37387"}],"wp:attachment":[{"href":"https:\/\/blogdoedvaldomagalhaes.com.br\/index.php\/wp-json\/wp\/v2\/media?parent=248"}],"wp:term":[{"taxonomy":"category","embeddable":true,"href":"https:\/\/blogdoedvaldomagalhaes.com.br\/index.php\/wp-json\/wp\/v2\/categories?post=248"},{"taxonomy":"post_tag","embeddable":true,"href":"https:\/\/blogdoedvaldomagalhaes.com.br\/index.php\/wp-json\/wp\/v2\/tags?post=248"}],"curies":[{"name":"wp","href":"https:\/\/api.w.org\/{rel}","templated":true}]}}