{"id":2478,"date":"2018-05-10T19:25:00","date_gmt":"2018-05-10T22:25:00","guid":{"rendered":"http:\/\/blogdoedvaldomagalhaes.com.br\/index.php\/2018\/05\/10\/trabalhadores-encontram-ossada-humana\/"},"modified":"2019-02-09T02:12:48","modified_gmt":"2019-02-09T04:12:48","slug":"trabalhadores-encontram-ossada-humana","status":"publish","type":"post","link":"https:\/\/blogdoedvaldomagalhaes.com.br\/index.php\/2018\/05\/10\/trabalhadores-encontram-ossada-humana\/","title":{"rendered":"Trabalhadores encontram ossada humana enterrada em terreno particular em Caruaru"},"content":{"rendered":"<p><\/p>\n<div class=\"_3x-2\" data-ft=\"{&quot;tn&quot;:&quot;H&quot;}\" style=\"-webkit-text-stroke-width: 0px; background-color: white; color: #1d2129; font-family: Helvetica, Arial, sans-serif; font-size: 12px; font-style: normal; font-variant-caps: normal; font-variant-ligatures: normal; font-weight: 400; letter-spacing: normal; orphans: 2; text-align: start; text-decoration-color: initial; text-decoration-style: initial; text-indent: 0px; text-transform: none; white-space: normal; widows: 2; word-spacing: 0px;\">\n<div data-ft=\"{&quot;tn&quot;:&quot;H&quot;}\" style=\"font-family: inherit;\">\n<div class=\"mtm\" style=\"font-family: inherit; margin-top: 10px;\">\n<div style=\"font-family: inherit; position: relative;\">\n<div class=\"_5cq3\" data-ft=\"{&quot;tn&quot;:&quot;E&quot;}\" style=\"font-family: inherit; position: relative;\">\n<a ajaxify=\"\/www.blognamiradanoticia.com.br\/photos\/a.1041610852623308.1073741828.1041500975967629\/1599510903499964\/?type=3&amp;size=1440%2C1082&amp;fbid=1599510903499964&amp;source=13&amp;player_origin=unknown\" class=\"_4-eo _2t9n\" data-ploi=\"https:\/\/scontent.frec3-1.fna.fbcdn.net\/v\/t1.0-9\/32247442_1599510910166630_3337694522527186944_o.jpg?_nc_cat=0&amp;oh=02891b8b64904d67fd3a24fd1d41c9bb&amp;oe=5B8C24F8\" data-plsi=\"https:\/\/scontent.frec3-1.fna.fbcdn.net\/v\/t1.0-9\/32207857_1599510906833297_3433367380061847552_n.jpg?_nc_cat=0&amp;oh=ce05cc334c417e0a1fc63ed15d152847&amp;oe=5B9815A3\" data-render-location=\"homepage_stream\" href=\"https:\/\/www.facebook.com\/www.blognamiradanoticia.com.br\/photos\/a.1041610852623308.1073741828.1041500975967629\/1599510903499964\/?type=3\" rel=\"theater\" style=\"box-shadow: rgba(0, 0, 0, 0.05) 0px 1px 1px; color: #365899; cursor: pointer; display: block; font-family: inherit; position: relative; text-decoration: none; width: 476px;\"><\/a><\/div>\n<\/div>\n<\/div>\n<\/div>\n<\/div>\n<p><\/p>\n<div class=\"separator\" style=\"clear: both; text-align: center;\">\n<a href=\"https:\/\/2.bp.blogspot.com\/-yP0TKPpNQaM\/WvScqkpwU6I\/AAAAAAAAwhA\/oKebjQdeDZIjvKxAIxcXmDbjeerXHkBeQCLcBGAs\/s1600\/1.jpg\" imageanchor=\"1\" style=\"margin-left: 1em; margin-right: 1em;\"><img loading=\"lazy\" decoding=\"async\" border=\"0\" data-original-height=\"540\" data-original-width=\"960\" height=\"360\" src=\"http:\/\/blogdoedvaldomagalhaes.com.br\/wp-content\/uploads\/2018\/05\/1-5.jpg\" width=\"640\" \/><\/a><\/div>\n<div class=\"separator\" style=\"clear: both; text-align: center;\">\nFotos: Caruaru 24 Horas<\/div>\n<div class=\"separator\" style=\"clear: both; text-align: center;\">\n<\/div>\n<div class=\"_5pbx userContent _3576\" data-ft=\"{&quot;tn&quot;:&quot;K&quot;}\" style=\"-webkit-text-stroke-width: 0px; background-color: white; font-style: normal; font-variant-caps: normal; font-variant-ligatures: normal; font-weight: 400; letter-spacing: normal; line-height: 1.38; margin-top: 6px; orphans: 2; text-align: justify; text-decoration-color: initial; text-decoration-style: initial; text-indent: 0px; text-transform: none; white-space: normal; widows: 2; word-spacing: 0px;\">\n<div style=\"display: inline; margin: 0px;\">\n<div style=\"text-align: justify;\">\nUm ossada humana foi encontrada por trabalhadores que estavam cavando o alicerce para come\u00e7ar uma obra, na tarde dessa quarta-feira (09), em um terreno de uma oficina nas proximidades de um motel na avenida Le\u00e3o Dourado, no bairro Caiuc\u00e1, em Caruaru. O propriet\u00e1rio do terreno acionou as pol\u00edcias Militar e Civil, para serem tomadas as medidas cab\u00edveis.&nbsp;<\/div>\n<div style=\"text-align: justify;\">\n<\/div>\n<div style=\"text-align: justify;\">\nO Instituto de Criminal\u00edstica fez a per\u00edcia e encaminhou os restos mortais para o IML de Recife.<\/div>\n<\/div>\n<\/div>\n","protected":false},"excerpt":{"rendered":"<p>Fotos: Caruaru 24 Horas Um ossada humana foi encontrada por trabalhadores que estavam cavando o alicerce para come\u00e7ar uma obra,&hellip;<\/p>\n","protected":false},"author":1,"featured_media":0,"comment_status":"open","ping_status":"open","sticky":false,"template":"","format":"standard","meta":{"footnotes":""},"categories":[1],"tags":[2,13,2687],"class_list":["post-2478","post","type-post","status-publish","format-standard","hentry","category-sem-categoria","tag-blog-do-edvaldo-magalhaes","tag-policial","tag-trabalhadores-encontram-ossada-humana-enterrada-em-terreno-particular-em-caruaru"],"_links":{"self":[{"href":"https:\/\/blogdoedvaldomagalhaes.com.br\/index.php\/wp-json\/wp\/v2\/posts\/2478","targetHints":{"allow":["GET"]}}],"collection":[{"href":"https:\/\/blogdoedvaldomagalhaes.com.br\/index.php\/wp-json\/wp\/v2\/posts"}],"about":[{"href":"https:\/\/blogdoedvaldomagalhaes.com.br\/index.php\/wp-json\/wp\/v2\/types\/post"}],"author":[{"embeddable":true,"href":"https:\/\/blogdoedvaldomagalhaes.com.br\/index.php\/wp-json\/wp\/v2\/users\/1"}],"replies":[{"embeddable":true,"href":"https:\/\/blogdoedvaldomagalhaes.com.br\/index.php\/wp-json\/wp\/v2\/comments?post=2478"}],"version-history":[{"count":1,"href":"https:\/\/blogdoedvaldomagalhaes.com.br\/index.php\/wp-json\/wp\/v2\/posts\/2478\/revisions"}],"predecessor-version":[{"id":30568,"href":"https:\/\/blogdoedvaldomagalhaes.com.br\/index.php\/wp-json\/wp\/v2\/posts\/2478\/revisions\/30568"}],"wp:attachment":[{"href":"https:\/\/blogdoedvaldomagalhaes.com.br\/index.php\/wp-json\/wp\/v2\/media?parent=2478"}],"wp:term":[{"taxonomy":"category","embeddable":true,"href":"https:\/\/blogdoedvaldomagalhaes.com.br\/index.php\/wp-json\/wp\/v2\/categories?post=2478"},{"taxonomy":"post_tag","embeddable":true,"href":"https:\/\/blogdoedvaldomagalhaes.com.br\/index.php\/wp-json\/wp\/v2\/tags?post=2478"}],"curies":[{"name":"wp","href":"https:\/\/api.w.org\/{rel}","templated":true}]}}