{"id":2477,"date":"2018-05-10T22:46:00","date_gmt":"2018-05-11T01:46:00","guid":{"rendered":"http:\/\/blogdoedvaldomagalhaes.com.br\/index.php\/2018\/05\/10\/assassinado-sargento-reformado-que\/"},"modified":"2019-02-09T02:12:53","modified_gmt":"2019-02-09T04:12:53","slug":"assassinado-sargento-reformado-que","status":"publish","type":"post","link":"https:\/\/blogdoedvaldomagalhaes.com.br\/index.php\/2018\/05\/10\/assassinado-sargento-reformado-que\/","title":{"rendered":"Assassinado Sargento reformado que trabalhava fazendo seguran\u00e7a de supermercado em Caruaru"},"content":{"rendered":"<p><\/p>\n<div class=\"_3x-2\" data-ft=\"{&quot;tn&quot;:&quot;H&quot;}\" style=\"-webkit-text-stroke-width: 0px; background-color: white; color: #1d2129; font-family: Helvetica, Arial, sans-serif; font-size: 12px; font-style: normal; font-variant-caps: normal; font-variant-ligatures: normal; font-weight: 400; letter-spacing: normal; orphans: 2; text-align: start; text-decoration-color: initial; text-decoration-style: initial; text-indent: 0px; text-transform: none; white-space: normal; widows: 2; word-spacing: 0px;\">\n<div data-ft=\"{&quot;tn&quot;:&quot;H&quot;}\" style=\"font-family: inherit;\">\n<div class=\"mtm\" style=\"font-family: inherit; margin-top: 10px;\">\n<div style=\"font-family: inherit; position: relative;\">\n<div class=\"\" data-ft=\"{&quot;tn&quot;:&quot;E&quot;}\" style=\"font-family: inherit;\">\n<a ajaxify=\"\/CaruaruNoFace\/photos\/a.434048849986001.96919.365155923541961\/1769385403118999\/?type=3&amp;size=320%2C372&amp;fbid=1769385403118999&amp;source=13&amp;player_origin=pages\" class=\"_4-eo _2t9n _50z9\" data-ft=\"{&quot;tn&quot;:&quot;E&quot;}\" data-ploi=\"https:\/\/scontent.fcau2-1.fna.fbcdn.net\/v\/t1.0-9\/32151055_1769385409785665_1494796000810762240_n.jpg?_nc_cat=0&amp;oh=279c407e4ceda58d2c82bba16b8e6920&amp;oe=5B97EC95\" data-render-location=\"homepage_stream\" href=\"https:\/\/www.facebook.com\/CaruaruNoFace\/photos\/a.434048849986001.96919.365155923541961\/1769385403118999\/?type=3\" rel=\"theater\" style=\"box-shadow: rgba(0, 0, 0, 0.05) 0px 1px 1px; color: #365899; cursor: pointer; display: block; font-family: inherit; position: relative; text-decoration: underline; width: 450px;\"><\/a><\/div>\n<\/div>\n<\/div>\n<\/div>\n<\/div>\n<p><\/p>\n<div class=\"separator\" style=\"clear: both; text-align: center;\">\n<a href=\"https:\/\/1.bp.blogspot.com\/-67xbYlj-REY\/WvTLiSoMLYI\/AAAAAAAAwh0\/qAcFDzZeFZUd12E36C2ON6DfBshHBJCQQCLcBGAs\/s1600\/foto.jpg\" imageanchor=\"1\" style=\"margin-left: 1em; margin-right: 1em;\"><img loading=\"lazy\" decoding=\"async\" border=\"0\" data-original-height=\"720\" data-original-width=\"960\" height=\"480\" src=\"http:\/\/blogdoedvaldomagalhaes.com.br\/wp-content\/uploads\/2018\/05\/foto-1.jpg\" width=\"640\" \/><\/a><\/div>\n<div class=\"_5pbx userContent _3576\" data-ft=\"{&quot;tn&quot;:&quot;K&quot;}\" style=\"background-color: white; font-style: normal; font-weight: 400; letter-spacing: normal; line-height: 1.38; margin-top: 6px; text-align: center; text-indent: 0px; text-transform: none; white-space: normal; word-spacing: 0px;\">\n<div style=\"display: inline; margin: 6px 0px 0px;\">\n<div style=\"color: #1d2129; font-family: inherit; font-size: 14px;\">\nFoto: WhatsApp\/Cortesia<\/div>\n<div style=\"color: #1d2129; font-family: inherit; font-size: 14px;\">\n<\/div>\n<div style=\"text-align: justify;\">\nNo fim da tarde desta quinta-feira (10), o Sargento reformado da Pol\u00edcia Militar de Pernambuco,&nbsp;Claudionor Justino de Souza, de 61 anos, que trabalhava como seguran\u00e7a de um supermercado no bairro Jo\u00e3o Mota, em Caruaru, foi assassinado, com tiros no peito. Segundo informa\u00e7\u00f5es da pol\u00edcia, dois indiv\u00edduos armados assaltaram o estabelecimento comercial, e durante a a\u00e7\u00e3o, o Sargento Justino, reagiu e foi assassinado.&nbsp;<\/p>\n<p><\/p>\n<div class=\"separator\" style=\"clear: both; text-align: center;\">\n<a href=\"https:\/\/1.bp.blogspot.com\/-p2bYZrrvel8\/WvTbFkvzYeI\/AAAAAAAAwiE\/KP20WCzz9J4D598qvrIua_ck5YuCkNJOQCLcBGAs\/s1600\/sgto.jpg\" imageanchor=\"1\" style=\"margin-left: 1em; margin-right: 1em;\"><img loading=\"lazy\" decoding=\"async\" border=\"0\" data-original-height=\"225\" data-original-width=\"161\" height=\"640\" src=\"http:\/\/blogdoedvaldomagalhaes.com.br\/wp-content\/uploads\/2018\/05\/sgto.jpg\" width=\"457\" \/><\/a><\/div>\n<div style=\"box-sizing: border-box; line-height: 26px; margin-bottom: 26px; text-align: justify; word-wrap: break-word;\">\nSargento Justino foi candidato a vereador pelo Partido Verde (PV), nas elei\u00e7\u00f5es de 2016, obtendo 110 votos.<\/p>\n<div class=\"separator\" style=\"clear: both; text-align: center;\">\n<a href=\"https:\/\/4.bp.blogspot.com\/-C3LOVPhcU7o\/WvTvqv2429I\/AAAAAAAAwjY\/Hqd4yVA_0n42wf0NM1OSHm-AkE0qoPdpACLcBGAs\/s1600\/IMG-20180510-WA0268.jpg\" imageanchor=\"1\" style=\"margin-left: 1em; margin-right: 1em;\"><img loading=\"lazy\" decoding=\"async\" border=\"0\" data-original-height=\"501\" data-original-width=\"720\" height=\"444\" src=\"http:\/\/blogdoedvaldomagalhaes.com.br\/wp-content\/uploads\/2018\/05\/IMG-20180510-WA0268.jpg\" width=\"640\" \/><\/a><\/div>\n<p>\nEste foi o 4\u00b0homic\u00eddio do m\u00eas de Maio e o 72\u00b0 no ano de 2018, em Caruaru.<\/div>\n<\/div>\n<\/div>\n<\/div>\n","protected":false},"excerpt":{"rendered":"<p>Foto: WhatsApp\/Cortesia No fim da tarde desta quinta-feira (10), o Sargento reformado da Pol\u00edcia Militar de Pernambuco,&nbsp;Claudionor Justino de Souza,&hellip;<\/p>\n","protected":false},"author":1,"featured_media":0,"comment_status":"open","ping_status":"open","sticky":false,"template":"","format":"standard","meta":{"footnotes":""},"categories":[1],"tags":[2686,2,13],"class_list":["post-2477","post","type-post","status-publish","format-standard","hentry","category-sem-categoria","tag-assassinado-sargento-reformado-que-trabalhava-fazendo-seguranca-de-supermercado-em-caruaru","tag-blog-do-edvaldo-magalhaes","tag-policial"],"_links":{"self":[{"href":"https:\/\/blogdoedvaldomagalhaes.com.br\/index.php\/wp-json\/wp\/v2\/posts\/2477","targetHints":{"allow":["GET"]}}],"collection":[{"href":"https:\/\/blogdoedvaldomagalhaes.com.br\/index.php\/wp-json\/wp\/v2\/posts"}],"about":[{"href":"https:\/\/blogdoedvaldomagalhaes.com.br\/index.php\/wp-json\/wp\/v2\/types\/post"}],"author":[{"embeddable":true,"href":"https:\/\/blogdoedvaldomagalhaes.com.br\/index.php\/wp-json\/wp\/v2\/users\/1"}],"replies":[{"embeddable":true,"href":"https:\/\/blogdoedvaldomagalhaes.com.br\/index.php\/wp-json\/wp\/v2\/comments?post=2477"}],"version-history":[{"count":1,"href":"https:\/\/blogdoedvaldomagalhaes.com.br\/index.php\/wp-json\/wp\/v2\/posts\/2477\/revisions"}],"predecessor-version":[{"id":30572,"href":"https:\/\/blogdoedvaldomagalhaes.com.br\/index.php\/wp-json\/wp\/v2\/posts\/2477\/revisions\/30572"}],"wp:attachment":[{"href":"https:\/\/blogdoedvaldomagalhaes.com.br\/index.php\/wp-json\/wp\/v2\/media?parent=2477"}],"wp:term":[{"taxonomy":"category","embeddable":true,"href":"https:\/\/blogdoedvaldomagalhaes.com.br\/index.php\/wp-json\/wp\/v2\/categories?post=2477"},{"taxonomy":"post_tag","embeddable":true,"href":"https:\/\/blogdoedvaldomagalhaes.com.br\/index.php\/wp-json\/wp\/v2\/tags?post=2477"}],"curies":[{"name":"wp","href":"https:\/\/api.w.org\/{rel}","templated":true}]}}