{"id":2476,"date":"2018-05-11T00:01:00","date_gmt":"2018-05-11T03:01:00","guid":{"rendered":"http:\/\/blogdoedvaldomagalhaes.com.br\/index.php\/2018\/05\/11\/terceiro-homicidio-registrado-e\/"},"modified":"2019-02-09T02:12:53","modified_gmt":"2019-02-09T04:12:53","slug":"terceiro-homicidio-registrado-e","status":"publish","type":"post","link":"https:\/\/blogdoedvaldomagalhaes.com.br\/index.php\/2018\/05\/11\/terceiro-homicidio-registrado-e\/","title":{"rendered":"Terceiro homic\u00eddio registrado em Caruaru nesta quinta-feira (10)"},"content":{"rendered":"<div class=\"separator\" style=\"clear: both; text-align: center;\">\n<a href=\"https:\/\/3.bp.blogspot.com\/-DCRQMjnWb1I\/WvTdGA6GujI\/AAAAAAAAwiQ\/2_7RGz1RlHcemeWDTyUKmGwZEFt-_7_5wCLcBGAs\/s1600\/tres.jpg\" imageanchor=\"1\" style=\"margin-left: 1em; margin-right: 1em;\"><img loading=\"lazy\" decoding=\"async\" border=\"0\" data-original-height=\"960\" data-original-width=\"720\" height=\"640\" src=\"http:\/\/blogdoedvaldomagalhaes.com.br\/wp-content\/uploads\/2018\/05\/tres.jpg\" width=\"480\" \/><\/a><\/div>\n<div class=\"separator\" style=\"clear: both; text-align: center;\">\nFotos: WhatsApp\/Cortesia<\/div>\n<p><\/p>\n<div style=\"background-color: white; margin-bottom: 6px;\">\n<div style=\"text-align: justify;\">\nO terceiro homic\u00eddio nesta quinta-feira (10), em Caruaru, foi registrado na rua Manoel Martins de Ara\u00fajo, no bairro do Salgado, por tr\u00e1s da caixa d&#8217;\u00e1gua. O ex-presidi\u00e1rio, que teve passagem pela pol\u00edcia acusado de tr\u00e1fico de drogas, Jonas da Silva Lima (Alegria), de 36 anos de idade, foi executado com v\u00e1rios disparos de arma de fogo, quando estava na motocicleta Titan de cor vermelha e placa KJD-8635.<\/p>\n<p><\/p>\n<div class=\"separator\" style=\"clear: both; text-align: center;\">\n<a href=\"https:\/\/4.bp.blogspot.com\/--ffnbNAG4iM\/WvTe6mS1FRI\/AAAAAAAAwik\/xd1IgTYJgUMl66YD5njMNDQKB2KYjhEYACLcBGAs\/s1600\/treszi.jpg\" imageanchor=\"1\" style=\"margin-left: 1em; margin-right: 1em;\"><img loading=\"lazy\" decoding=\"async\" border=\"0\" data-original-height=\"720\" data-original-width=\"960\" height=\"480\" src=\"http:\/\/blogdoedvaldomagalhaes.com.br\/wp-content\/uploads\/2018\/05\/treszi.jpg\" width=\"640\" \/><\/a><\/div>\n<\/div>\n<\/div>\n<div class=\"text_exposed_show\" style=\"background-color: white; display: inline;\">\n<\/p>\n<div style=\"margin-bottom: 6px;\">\n<div style=\"text-align: justify;\">\nEste foi 5\u00ba homic\u00eddio no m\u00eas de maio e o 73\u00ba no ano de 2018 em Caruaru.<\/p>\n<div class=\"separator\" style=\"clear: both; text-align: center;\">\n<a href=\"https:\/\/4.bp.blogspot.com\/-dJ5m4M1JNeM\/WvT4EETbMaI\/AAAAAAAAwj0\/T7LcVl6XrIMFpNweTWw-6crKgKgiADXNgCLcBGAs\/s1600\/ele.jpg\" imageanchor=\"1\" style=\"margin-left: 1em; margin-right: 1em;\"><img loading=\"lazy\" decoding=\"async\" border=\"0\" data-original-height=\"960\" data-original-width=\"564\" height=\"640\" src=\"http:\/\/blogdoedvaldomagalhaes.com.br\/wp-content\/uploads\/2018\/05\/ele-5.jpg\" width=\"372\" \/><\/a><\/div>\n<div class=\"separator\" style=\"clear: both; text-align: center;\">\n<a href=\"https:\/\/4.bp.blogspot.com\/-wPtBuGe0U58\/WvTu2NL6WQI\/AAAAAAAAwjQ\/Iw9ilmTxcvEeYOzvC2_F2cfNXhCnEIkfQCLcBGAs\/s1600\/IMG-20180510-WA0256.jpg\" imageanchor=\"1\" style=\"margin-left: 1em; margin-right: 1em;\"><img loading=\"lazy\" decoding=\"async\" border=\"0\" data-original-height=\"240\" data-original-width=\"240\" height=\"640\" src=\"http:\/\/blogdoedvaldomagalhaes.com.br\/wp-content\/uploads\/2018\/05\/IMG-20180510-WA0256.jpg\" width=\"640\" \/><\/a><\/div>\n<\/div>\n<\/div>\n<\/div>\n","protected":false},"excerpt":{"rendered":"<p>Fotos: WhatsApp\/Cortesia O terceiro homic\u00eddio nesta quinta-feira (10), em Caruaru, foi registrado na rua Manoel Martins de Ara\u00fajo, no bairro&hellip;<\/p>\n","protected":false},"author":1,"featured_media":0,"comment_status":"open","ping_status":"open","sticky":false,"template":"","format":"standard","meta":{"footnotes":""},"categories":[1],"tags":[2,13,2685],"class_list":["post-2476","post","type-post","status-publish","format-standard","hentry","category-sem-categoria","tag-blog-do-edvaldo-magalhaes","tag-policial","tag-terceiro-homicidio-registrado-em-caruaru-nesta-quinta-feira-10"],"_links":{"self":[{"href":"https:\/\/blogdoedvaldomagalhaes.com.br\/index.php\/wp-json\/wp\/v2\/posts\/2476","targetHints":{"allow":["GET"]}}],"collection":[{"href":"https:\/\/blogdoedvaldomagalhaes.com.br\/index.php\/wp-json\/wp\/v2\/posts"}],"about":[{"href":"https:\/\/blogdoedvaldomagalhaes.com.br\/index.php\/wp-json\/wp\/v2\/types\/post"}],"author":[{"embeddable":true,"href":"https:\/\/blogdoedvaldomagalhaes.com.br\/index.php\/wp-json\/wp\/v2\/users\/1"}],"replies":[{"embeddable":true,"href":"https:\/\/blogdoedvaldomagalhaes.com.br\/index.php\/wp-json\/wp\/v2\/comments?post=2476"}],"version-history":[{"count":1,"href":"https:\/\/blogdoedvaldomagalhaes.com.br\/index.php\/wp-json\/wp\/v2\/posts\/2476\/revisions"}],"predecessor-version":[{"id":30577,"href":"https:\/\/blogdoedvaldomagalhaes.com.br\/index.php\/wp-json\/wp\/v2\/posts\/2476\/revisions\/30577"}],"wp:attachment":[{"href":"https:\/\/blogdoedvaldomagalhaes.com.br\/index.php\/wp-json\/wp\/v2\/media?parent=2476"}],"wp:term":[{"taxonomy":"category","embeddable":true,"href":"https:\/\/blogdoedvaldomagalhaes.com.br\/index.php\/wp-json\/wp\/v2\/categories?post=2476"},{"taxonomy":"post_tag","embeddable":true,"href":"https:\/\/blogdoedvaldomagalhaes.com.br\/index.php\/wp-json\/wp\/v2\/tags?post=2476"}],"curies":[{"name":"wp","href":"https:\/\/api.w.org\/{rel}","templated":true}]}}