{"id":2475,"date":"2018-05-11T10:17:00","date_gmt":"2018-05-11T13:17:00","guid":{"rendered":"http:\/\/blogdoedvaldomagalhaes.com.br\/index.php\/2018\/05\/11\/policia-civil-realiza-operacao-para\/"},"modified":"2019-02-09T02:12:54","modified_gmt":"2019-02-09T04:12:54","slug":"policia-civil-realiza-operacao-para","status":"publish","type":"post","link":"https:\/\/blogdoedvaldomagalhaes.com.br\/index.php\/2018\/05\/11\/policia-civil-realiza-operacao-para\/","title":{"rendered":"Pol\u00edcia Civil realiza opera\u00e7\u00e3o para desarticular organiza\u00e7\u00e3o criminosa em Caruaru"},"content":{"rendered":"<div class=\"separator\" style=\"clear: both; text-align: center;\">\n<\/div>\n<div style=\"background-color: white; box-sizing: border-box; line-height: 24px; margin-bottom: 10px; text-align: justify;\">\n<div class=\"separator\" style=\"clear: both; text-align: center;\">\n<\/div>\n<div class=\"separator\" style=\"clear: both; text-align: center;\">\n<\/div>\n<div class=\"separator\" style=\"clear: both; text-align: center;\">\n<\/div>\n<div class=\"separator\" style=\"clear: both; text-align: center;\">\n<a href=\"https:\/\/4.bp.blogspot.com\/-XPvjMO_VUZg\/WvXHSV0R-5I\/AAAAAAAAwnk\/5tY1HeBXAvIaShvbHQc56owXerKzlF4ZgCLcBGAs\/s1600\/20180511_100628.jpg\" imageanchor=\"1\" style=\"margin-left: 1em; margin-right: 1em;\"><img loading=\"lazy\" decoding=\"async\" border=\"0\" data-original-height=\"900\" data-original-width=\"1600\" height=\"360\" src=\"http:\/\/blogdoedvaldomagalhaes.com.br\/wp-content\/uploads\/2018\/05\/20180511_100628.jpg\" width=\"640\" \/><\/a><\/div>\n<p><\/div>\n<div style=\"background-color: white; box-sizing: border-box; line-height: 24px; margin-bottom: 10px; text-align: justify;\">\nA Secretaria de Defesa Social em mais uma a\u00e7\u00e3o de seguran\u00e7a dentro do programa PACTO PELA VIDA, deflagrou na manh\u00e3 desta sexta-feira (11), a Opera\u00e7\u00e3o de Repress\u00e3o Qualificada, denominada OPERA\u00c7\u00c3O PRESS\u00c3O ALTA, supervisionada pela Chefia de Pol\u00edcia Civil e coordenada pela Diretoria Integrada de Pol\u00edcia Especializada (DIRESP) e Ger\u00eancia de Controle Operacional das Especializadas (GCOI-E) da Pol\u00edcia Civil.<\/p>\n<p>A investiga\u00e7\u00e3o desenvolvida pelo DENARC-PE, com o objetivo de desarticular organiza\u00e7\u00e3o criminosa envolvidas com a pr\u00e1tica de tr\u00e1fico de drogas e associa\u00e7\u00e3o para o tr\u00e1fico com atua\u00e7\u00e3o em Caruaru\/PE. Foram cumpridos 08 Mandados de Pris\u00e3o, 08 de Busca e Apreens\u00e3o domiciliar. As investiga\u00e7\u00f5es tiveram in\u00edcio em Setembro de 2017 e antes da deflagra\u00e7\u00e3o da Opera\u00e7\u00e3o, j\u00e1 haviam sido presas 02 pessoas. As pessoas presas foram FLAVIO SOUZA DA SILVA LUCENA VULGO, WILLIAN BRENDO DA SILVA, LUCIANO SEVERINO DA SILVA JUNIOR, JADERSON FERNANDES DE SOUZA SANTOS, LUAN RAFAEL DA COSTA, ALEX CLAUDIO SEBASTI\u00c3O MIGUEL, JOSILENE DA SILVA LEANDRO e o TACIEL GOMES DA SILVA. Participaram da Opera\u00e7\u00e3o 80 Policiais entre Delegados, Escriv\u00e3s e Agentes.<\/p>\n<p><\/p>\n<div class=\"separator\" style=\"clear: both; text-align: center;\">\n<a href=\"https:\/\/2.bp.blogspot.com\/-Oa4Cd_7IP3E\/WvXF4-A5-cI\/AAAAAAAAwnM\/6o81veQxADM8wyyvrbGpd-HEL7uLrf4wQCLcBGAs\/s1600\/pc.jpg\" imageanchor=\"1\" style=\"margin-left: 1em; margin-right: 1em;\"><img loading=\"lazy\" decoding=\"async\" border=\"0\" data-original-height=\"552\" data-original-width=\"948\" height=\"372\" src=\"http:\/\/blogdoedvaldomagalhaes.com.br\/wp-content\/uploads\/2018\/05\/pc.jpg\" width=\"640\" \/><\/a><\/div>\n<p>\nDurante a opera\u00e7\u00e3o os policiais apreenderam 100 \u201cbig big\u201d de maconha pesando cerca de 171g, 5 tabletes de maconha pesando cerca de 3,149kg, 2 trouxas de maconha, pesando cerca de 460g, 01 balan\u00e7a de precis\u00e3o e 01 bolsa tira colo.<\/div>\n","protected":false},"excerpt":{"rendered":"<p>A Secretaria de Defesa Social em mais uma a\u00e7\u00e3o de seguran\u00e7a dentro do programa PACTO PELA VIDA, deflagrou na manh\u00e3&hellip;<\/p>\n","protected":false},"author":1,"featured_media":0,"comment_status":"open","ping_status":"open","sticky":false,"template":"","format":"standard","meta":{"footnotes":""},"categories":[1],"tags":[2,2682,2683,2684,13],"class_list":["post-2475","post","type-post","status-publish","format-standard","hentry","category-sem-categoria","tag-blog-do-edvaldo-magalhaes","tag-delegado-diogo-victor","tag-delegado-marcio-cruz","tag-policia-civil-realiza-operacao-para-desarticular-organizacao-criminosa-em-caruaru","tag-policial"],"_links":{"self":[{"href":"https:\/\/blogdoedvaldomagalhaes.com.br\/index.php\/wp-json\/wp\/v2\/posts\/2475","targetHints":{"allow":["GET"]}}],"collection":[{"href":"https:\/\/blogdoedvaldomagalhaes.com.br\/index.php\/wp-json\/wp\/v2\/posts"}],"about":[{"href":"https:\/\/blogdoedvaldomagalhaes.com.br\/index.php\/wp-json\/wp\/v2\/types\/post"}],"author":[{"embeddable":true,"href":"https:\/\/blogdoedvaldomagalhaes.com.br\/index.php\/wp-json\/wp\/v2\/users\/1"}],"replies":[{"embeddable":true,"href":"https:\/\/blogdoedvaldomagalhaes.com.br\/index.php\/wp-json\/wp\/v2\/comments?post=2475"}],"version-history":[{"count":1,"href":"https:\/\/blogdoedvaldomagalhaes.com.br\/index.php\/wp-json\/wp\/v2\/posts\/2475\/revisions"}],"predecessor-version":[{"id":30580,"href":"https:\/\/blogdoedvaldomagalhaes.com.br\/index.php\/wp-json\/wp\/v2\/posts\/2475\/revisions\/30580"}],"wp:attachment":[{"href":"https:\/\/blogdoedvaldomagalhaes.com.br\/index.php\/wp-json\/wp\/v2\/media?parent=2475"}],"wp:term":[{"taxonomy":"category","embeddable":true,"href":"https:\/\/blogdoedvaldomagalhaes.com.br\/index.php\/wp-json\/wp\/v2\/categories?post=2475"},{"taxonomy":"post_tag","embeddable":true,"href":"https:\/\/blogdoedvaldomagalhaes.com.br\/index.php\/wp-json\/wp\/v2\/tags?post=2475"}],"curies":[{"name":"wp","href":"https:\/\/api.w.org\/{rel}","templated":true}]}}