{"id":2474,"date":"2018-05-11T10:27:00","date_gmt":"2018-05-11T13:27:00","guid":{"rendered":"http:\/\/blogdoedvaldomagalhaes.com.br\/index.php\/2018\/05\/11\/principais-ruas-do-centro-de-caruaru\/"},"modified":"2019-02-09T02:12:54","modified_gmt":"2019-02-09T04:12:54","slug":"principais-ruas-do-centro-de-caruaru","status":"publish","type":"post","link":"https:\/\/blogdoedvaldomagalhaes.com.br\/index.php\/2018\/05\/11\/principais-ruas-do-centro-de-caruaru\/","title":{"rendered":"Principais ruas do centro de Caruaru interditadas neste fim de semana"},"content":{"rendered":"<div class=\"separator\" style=\"clear: both; text-align: center;\">\n<a href=\"https:\/\/4.bp.blogspot.com\/-Sc-gNvOL8k0\/WvVv4Vn8xRI\/AAAAAAAAwkY\/kGVTDuN2t88pzOCH30-P1y0ScvrYGzh0ACLcBGAs\/s1600\/trantio.jpg\" imageanchor=\"1\" style=\"margin-left: 1em; margin-right: 1em;\"><img loading=\"lazy\" decoding=\"async\" border=\"0\" data-original-height=\"762\" data-original-width=\"1200\" height=\"406\" src=\"http:\/\/blogdoedvaldomagalhaes.com.br\/wp-content\/uploads\/2018\/05\/trantio.jpg\" width=\"640\" \/><\/a><\/div>\n<div style=\"text-align: justify;\">\n<b><br \/><\/b><\/div>\n<div style=\"text-align: justify;\">\n<b>Nota<\/b><\/div>\n<div style=\"text-align: justify;\">\n<\/div>\n<div style=\"text-align: justify;\">\nA Destra informa que, em virtude das a\u00e7\u00f5es de recapeamento que ser\u00e3o realizadas na \u00e1rea central da Cidade, a partir das 5h desta sexta-feira, 11, at\u00e9 \u00e0s 00h do domingo, 13, algumas linhas de \u00f4nibus far\u00e3o desvios de itiner\u00e1rios \u00e0 medida que o servi\u00e7o estiver sendo executado. As ruas que receber\u00e3o a recupera\u00e7\u00e3o asf\u00e1ltica ser\u00e3o as seguintes: Duque de Caxias, Vig\u00e1rio Freire, Avelino Flor\u00eancio, Capit\u00e3o Jo\u00e3o Velho, Belmiro Pereira e Raimundo de Morais.<\/div>\n<div style=\"text-align: justify;\">\n<\/div>\n<div style=\"text-align: justify;\">\nAs paradas de \u00f4nibus localizadas nas ruas Capit\u00e3o Jo\u00e3o Velho, Vig\u00e1rio Freire, Duque de Caxias e Pra\u00e7a Jos\u00e9 Martins ser\u00e3o desativadas durante todo o per\u00edodo de execu\u00e7\u00e3o e cura das obras, devendo os usu\u00e1rios do transporte coletivo optar por paradas nas proximidades.<\/div>\n<div style=\"text-align: justify;\">\n<\/div>\n<div style=\"text-align: justify;\">\nConfira no anexo os desvios de itiner\u00e1rios e as paradas alternativas.<\/div>\n<div class=\"separator\" style=\"clear: both; text-align: center;\">\n<a href=\"http:\/\/blogdoedvaldomagalhaes.com.br\/wp-content\/uploads\/2018\/05\/imagem.jpg\" imageanchor=\"1\" style=\"margin-left: 1em; margin-right: 1em;\"><img decoding=\"async\" border=\"0\" data-original-height=\"766\" data-original-width=\"548\" src=\"http:\/\/blogdoedvaldomagalhaes.com.br\/wp-content\/uploads\/2018\/05\/imagem.jpg\" \/><\/a><\/div>\n","protected":false},"excerpt":{"rendered":"<p>Nota A Destra informa que, em virtude das a\u00e7\u00f5es de recapeamento que ser\u00e3o realizadas na \u00e1rea central da Cidade, a&hellip;<\/p>\n","protected":false},"author":1,"featured_media":0,"comment_status":"open","ping_status":"open","sticky":false,"template":"","format":"standard","meta":{"footnotes":""},"categories":[1],"tags":[2,6,1950,2681],"class_list":["post-2474","post","type-post","status-publish","format-standard","hentry","category-sem-categoria","tag-blog-do-edvaldo-magalhaes","tag-noticias","tag-noticias-de-caruaru","tag-principais-ruas-do-centro-de-caruaru-interditadas-neste-fim-de-semana"],"_links":{"self":[{"href":"https:\/\/blogdoedvaldomagalhaes.com.br\/index.php\/wp-json\/wp\/v2\/posts\/2474","targetHints":{"allow":["GET"]}}],"collection":[{"href":"https:\/\/blogdoedvaldomagalhaes.com.br\/index.php\/wp-json\/wp\/v2\/posts"}],"about":[{"href":"https:\/\/blogdoedvaldomagalhaes.com.br\/index.php\/wp-json\/wp\/v2\/types\/post"}],"author":[{"embeddable":true,"href":"https:\/\/blogdoedvaldomagalhaes.com.br\/index.php\/wp-json\/wp\/v2\/users\/1"}],"replies":[{"embeddable":true,"href":"https:\/\/blogdoedvaldomagalhaes.com.br\/index.php\/wp-json\/wp\/v2\/comments?post=2474"}],"version-history":[{"count":1,"href":"https:\/\/blogdoedvaldomagalhaes.com.br\/index.php\/wp-json\/wp\/v2\/posts\/2474\/revisions"}],"predecessor-version":[{"id":30583,"href":"https:\/\/blogdoedvaldomagalhaes.com.br\/index.php\/wp-json\/wp\/v2\/posts\/2474\/revisions\/30583"}],"wp:attachment":[{"href":"https:\/\/blogdoedvaldomagalhaes.com.br\/index.php\/wp-json\/wp\/v2\/media?parent=2474"}],"wp:term":[{"taxonomy":"category","embeddable":true,"href":"https:\/\/blogdoedvaldomagalhaes.com.br\/index.php\/wp-json\/wp\/v2\/categories?post=2474"},{"taxonomy":"post_tag","embeddable":true,"href":"https:\/\/blogdoedvaldomagalhaes.com.br\/index.php\/wp-json\/wp\/v2\/tags?post=2474"}],"curies":[{"name":"wp","href":"https:\/\/api.w.org\/{rel}","templated":true}]}}