{"id":247,"date":"2019-01-11T15:07:00","date_gmt":"2019-01-11T17:07:00","guid":{"rendered":"http:\/\/blogdoedvaldomagalhaes.com.br\/index.php\/2019\/01\/11\/andrea-melo-e-nova-secretaria-de-saude\/"},"modified":"2019-02-09T02:49:03","modified_gmt":"2019-02-09T04:49:03","slug":"andrea-melo-e-nova-secretaria-de-saude","status":"publish","type":"post","link":"https:\/\/blogdoedvaldomagalhaes.com.br\/index.php\/2019\/01\/11\/andrea-melo-e-nova-secretaria-de-saude\/","title":{"rendered":"Andr\u00e9a Melo \u00e9 a nova Secret\u00e1ria de Sa\u00fade de Toritama"},"content":{"rendered":"<div class=\"separator\" style=\"clear: both; text-align: center;\">\n<a href=\"https:\/\/1.bp.blogspot.com\/-XuCfiDmDpNk\/XDiw770HrWI\/AAAAAAABA84\/BjUA5gzQi5MyGq1dZOOyfwf_indqTBQCACLcBGAs\/s1600\/IMG-20190111-WA0033.jpg\" imageanchor=\"1\" style=\"margin-left: 1em; margin-right: 1em;\"><img loading=\"lazy\" decoding=\"async\" border=\"0\" data-original-height=\"680\" data-original-width=\"720\" height=\"604\" src=\"http:\/\/blogdoedvaldomagalhaes.com.br\/wp-content\/uploads\/2019\/01\/IMG-20190111-WA0033.jpg\" width=\"640\" \/><\/a><\/div>\n<p><\/p>\n<div style=\"text-align: justify;\">\nO prefeito de Toritama Edilson Tavares, anunciou nesta sexta-feira (11), o nome da nova secret\u00e1ria de sa\u00fade do munic\u00edpio, e, Andr\u00e9a Virg\u00ednia Silva de Melo Dantas, a Dra Andr\u00e9a como \u00e9 conhecida na terra do jeans. Dra Andr\u00e9a assume com o compromisso de manter o trabalho que vinha sido desenvolvido pelo secret\u00e1rio anterior, e com a miss\u00e3o de ampliar o atendimento em outras \u00e1reas da Cidade.<\/p>\n<\/div>\n","protected":false},"excerpt":{"rendered":"<p>O prefeito de Toritama Edilson Tavares, anunciou nesta sexta-feira (11), o nome da nova secret\u00e1ria de sa\u00fade do munic\u00edpio, e,&hellip;<\/p>\n","protected":false},"author":1,"featured_media":0,"comment_status":"open","ping_status":"open","sticky":false,"template":"","format":"standard","meta":{"footnotes":""},"categories":[1],"tags":[254,2,20],"class_list":["post-247","post","type-post","status-publish","format-standard","hentry","category-sem-categoria","tag-andrea-melo-e-a-nova-secretaria-de-saude-de-toritama","tag-blog-do-edvaldo-magalhaes","tag-politica"],"_links":{"self":[{"href":"https:\/\/blogdoedvaldomagalhaes.com.br\/index.php\/wp-json\/wp\/v2\/posts\/247","targetHints":{"allow":["GET"]}}],"collection":[{"href":"https:\/\/blogdoedvaldomagalhaes.com.br\/index.php\/wp-json\/wp\/v2\/posts"}],"about":[{"href":"https:\/\/blogdoedvaldomagalhaes.com.br\/index.php\/wp-json\/wp\/v2\/types\/post"}],"author":[{"embeddable":true,"href":"https:\/\/blogdoedvaldomagalhaes.com.br\/index.php\/wp-json\/wp\/v2\/users\/1"}],"replies":[{"embeddable":true,"href":"https:\/\/blogdoedvaldomagalhaes.com.br\/index.php\/wp-json\/wp\/v2\/comments?post=247"}],"version-history":[{"count":1,"href":"https:\/\/blogdoedvaldomagalhaes.com.br\/index.php\/wp-json\/wp\/v2\/posts\/247\/revisions"}],"predecessor-version":[{"id":37389,"href":"https:\/\/blogdoedvaldomagalhaes.com.br\/index.php\/wp-json\/wp\/v2\/posts\/247\/revisions\/37389"}],"wp:attachment":[{"href":"https:\/\/blogdoedvaldomagalhaes.com.br\/index.php\/wp-json\/wp\/v2\/media?parent=247"}],"wp:term":[{"taxonomy":"category","embeddable":true,"href":"https:\/\/blogdoedvaldomagalhaes.com.br\/index.php\/wp-json\/wp\/v2\/categories?post=247"},{"taxonomy":"post_tag","embeddable":true,"href":"https:\/\/blogdoedvaldomagalhaes.com.br\/index.php\/wp-json\/wp\/v2\/tags?post=247"}],"curies":[{"name":"wp","href":"https:\/\/api.w.org\/{rel}","templated":true}]}}