{"id":2468,"date":"2018-05-11T21:09:00","date_gmt":"2018-05-12T00:09:00","guid":{"rendered":"http:\/\/blogdoedvaldomagalhaes.com.br\/index.php\/2018\/05\/11\/apae-caruaru-alerta-golpe-utilizando-o\/"},"modified":"2019-02-09T02:12:56","modified_gmt":"2019-02-09T04:12:56","slug":"apae-caruaru-alerta-golpe-utilizando-o","status":"publish","type":"post","link":"https:\/\/blogdoedvaldomagalhaes.com.br\/index.php\/2018\/05\/11\/apae-caruaru-alerta-golpe-utilizando-o\/","title":{"rendered":"Apae Caruaru alerta golpe utilizando o nome da institui\u00e7\u00e3o indevidamente"},"content":{"rendered":"<div class=\"separator\" style=\"clear: both; text-align: center;\">\n<a href=\"https:\/\/4.bp.blogspot.com\/-5JVxQ83eDyM\/WvYF0WCXS6I\/AAAAAAAAwo0\/-rzOWBrF3X0ReLb_CUfCDlCKQPLft86LACLcBGAs\/s1600\/apae.jpg\" imageanchor=\"1\" style=\"margin-left: 1em; margin-right: 1em;\"><img loading=\"lazy\" decoding=\"async\" border=\"0\" data-original-height=\"490\" data-original-width=\"696\" height=\"450\" src=\"http:\/\/blogdoedvaldomagalhaes.com.br\/wp-content\/uploads\/2018\/05\/apae.jpg\" width=\"640\" \/><\/a><\/div>\n<div style=\"background-color: white; box-sizing: border-box; line-height: 26px; margin-bottom: 26px; text-align: justify; word-wrap: break-word;\">\n<\/div>\n<div style=\"background-color: white; box-sizing: border-box; line-height: 26px; margin-bottom: 26px; text-align: justify; word-wrap: break-word;\">\nA Associa\u00e7\u00e3o de Pais e Amigos dos Excepcionais \u2013 Apae de Caruaru alerta que pessoas est\u00e3o pedindo doa\u00e7\u00f5es em nome da institui\u00e7\u00e3o, a Apae esclarece que n\u00e3o pede doa\u00e7\u00f5es por telefone, nem presencialmente, as doa\u00e7\u00f5es para a entidade s\u00e3o feitas atrav\u00e9s do programa Apae energia, em uma parceria com a Celpe, as doa\u00e7\u00f5es s\u00e3o cobradas diretamente na conta, com valores a partir de 5 reais atrav\u00e9s do telefone 0800-722-2723.<\/div>\n<div style=\"background-color: white; box-sizing: border-box; line-height: 26px; margin-bottom: 26px; text-align: justify; word-wrap: break-word;\">\nA Apae existe no Brasil h\u00e1 64 anos e foi inaugurada em Caruaru em 2016, atualmente a institui\u00e7\u00e3o atende na cidade mais de 250 crian\u00e7as com v\u00e1rios tipos de defici\u00eancias intelectual e m\u00faltipla. A Apae fica localizada na Avenida Alzira Vidal de Oliveira, 420, bairro Petr\u00f3polis, o telefone \u00e9 o 3046-7546.<\/div>\n","protected":false},"excerpt":{"rendered":"<p>A Associa\u00e7\u00e3o de Pais e Amigos dos Excepcionais \u2013 Apae de Caruaru alerta que pessoas est\u00e3o pedindo doa\u00e7\u00f5es em nome&hellip;<\/p>\n","protected":false},"author":1,"featured_media":0,"comment_status":"open","ping_status":"open","sticky":false,"template":"","format":"standard","meta":{"footnotes":""},"categories":[1],"tags":[2673,2,6],"class_list":["post-2468","post","type-post","status-publish","format-standard","hentry","category-sem-categoria","tag-apae-caruaru-alerta-golpe-utilizando-o-nome-da-instituicao-indevidamente","tag-blog-do-edvaldo-magalhaes","tag-noticias"],"_links":{"self":[{"href":"https:\/\/blogdoedvaldomagalhaes.com.br\/index.php\/wp-json\/wp\/v2\/posts\/2468","targetHints":{"allow":["GET"]}}],"collection":[{"href":"https:\/\/blogdoedvaldomagalhaes.com.br\/index.php\/wp-json\/wp\/v2\/posts"}],"about":[{"href":"https:\/\/blogdoedvaldomagalhaes.com.br\/index.php\/wp-json\/wp\/v2\/types\/post"}],"author":[{"embeddable":true,"href":"https:\/\/blogdoedvaldomagalhaes.com.br\/index.php\/wp-json\/wp\/v2\/users\/1"}],"replies":[{"embeddable":true,"href":"https:\/\/blogdoedvaldomagalhaes.com.br\/index.php\/wp-json\/wp\/v2\/comments?post=2468"}],"version-history":[{"count":1,"href":"https:\/\/blogdoedvaldomagalhaes.com.br\/index.php\/wp-json\/wp\/v2\/posts\/2468\/revisions"}],"predecessor-version":[{"id":30598,"href":"https:\/\/blogdoedvaldomagalhaes.com.br\/index.php\/wp-json\/wp\/v2\/posts\/2468\/revisions\/30598"}],"wp:attachment":[{"href":"https:\/\/blogdoedvaldomagalhaes.com.br\/index.php\/wp-json\/wp\/v2\/media?parent=2468"}],"wp:term":[{"taxonomy":"category","embeddable":true,"href":"https:\/\/blogdoedvaldomagalhaes.com.br\/index.php\/wp-json\/wp\/v2\/categories?post=2468"},{"taxonomy":"post_tag","embeddable":true,"href":"https:\/\/blogdoedvaldomagalhaes.com.br\/index.php\/wp-json\/wp\/v2\/tags?post=2468"}],"curies":[{"name":"wp","href":"https:\/\/api.w.org\/{rel}","templated":true}]}}