{"id":2463,"date":"2018-05-12T15:31:00","date_gmt":"2018-05-12T18:31:00","guid":{"rendered":"http:\/\/blogdoedvaldomagalhaes.com.br\/index.php\/2018\/05\/12\/central-definido-para-enfrentar-o-asa\/"},"modified":"2019-02-09T02:13:28","modified_gmt":"2019-02-09T04:13:28","slug":"central-definido-para-enfrentar-o-asa","status":"publish","type":"post","link":"https:\/\/blogdoedvaldomagalhaes.com.br\/index.php\/2018\/05\/12\/central-definido-para-enfrentar-o-asa\/","title":{"rendered":"Central definido para enfrentar o ASA-AL onde s\u00f3 a vit\u00f3ria interessa"},"content":{"rendered":"<div class=\"separator\" style=\"clear: both; text-align: center;\">\n<a href=\"https:\/\/1.bp.blogspot.com\/-V6N1l9QFrdA\/WvcIUF_W7-I\/AAAAAAAAw4k\/QCS3ji5zU0oW-APnfCWhX8uAtATVc9uogCLcBGAs\/s1600\/central.jpg\" imageanchor=\"1\" style=\"margin-left: 1em; margin-right: 1em;\"><img loading=\"lazy\" decoding=\"async\" border=\"0\" data-original-height=\"960\" data-original-width=\"960\" height=\"640\" src=\"http:\/\/blogdoedvaldomagalhaes.com.br\/wp-content\/uploads\/2018\/05\/central-1.jpg\" width=\"640\" \/><\/a><\/div>\n<div class=\"separator\" style=\"clear: both; text-align: center;\">\nFoto: Warley Santos\/Central Sport Club<\/div>\n<div class=\"separator\" style=\"clear: both; text-align: center;\">\n<\/div>\n<div style=\"background-color: white; margin-bottom: 6px; text-align: justify;\">\nVisando o confronto decisivo deste domingo (13), contra o ASA de Arapiraca-AL, neste domingo (13), \u00e0s 16h, no Est\u00e1dio Luiz Jos\u00e9 de Lacerda (Lacerd\u00e3o), em Caruaru, o t\u00e9cnico Mauro Fernandes comandou um&nbsp;coletivo apronto na tarde dessa sexta-feira (11), e praticamente definiu a equipe com&nbsp;Fran\u00e7a,&nbsp;Dudu Gago,&nbsp;Danilo Quipap\u00e1,&nbsp;Bruno Oliveira e&nbsp;Charles Alagoano;&nbsp;Graxa,&nbsp;Fernando Pires,&nbsp;Eduardo Er\u00ea e&nbsp;Washington;&nbsp;Vin\u00edcius Paquet\u00e1 (Anderson Bartola) e&nbsp;Leandro Costa.<\/p>\n<p>O Central s\u00f3 tem dois pontos conquistados, em nove disputados at\u00e9 agora, estando na 3\u00aa coloca\u00e7\u00e3o do grupo, e al\u00e9m deste jogo, vai enfrentar o Sergipe fora de casa e por \u00faltimo o Jacuipense em casa. No outro jogo do grupo A7, o l\u00edder Sergipe com sete pontos encara o Jacuipense lanterna que s\u00f3 tem dois pontos, em Aracaju-SE.<\/p>\n<div style=\"box-sizing: border-box; line-height: 26px; margin-bottom: 26px; text-align: justify; word-wrap: break-word;\">\nOs bilhetes para a partida ser\u00e3o comercializados ao valor de R$ 30 para o setor de arquibancadas, e R$ 40 para as cadeiras. O s\u00f3cio da Patativa, em dia, paga meia entrada de ambos os setores. J\u00e1 aos torcedores comuns, a meia-entrada \u00e9 somente v\u00e1lida nas arquibancadas.<\/div>\n<\/div>\n","protected":false},"excerpt":{"rendered":"<p>Foto: Warley Santos\/Central Sport Club Visando o confronto decisivo deste domingo (13), contra o ASA de Arapiraca-AL, neste domingo (13),&hellip;<\/p>\n","protected":false},"author":1,"featured_media":0,"comment_status":"open","ping_status":"open","sticky":false,"template":"","format":"standard","meta":{"footnotes":""},"categories":[1],"tags":[2,2661,3],"class_list":["post-2463","post","type-post","status-publish","format-standard","hentry","category-sem-categoria","tag-blog-do-edvaldo-magalhaes","tag-central-definido-para-enfrentar-o-asa-al-onde-so-a-vitoria-interessa","tag-futebol"],"_links":{"self":[{"href":"https:\/\/blogdoedvaldomagalhaes.com.br\/index.php\/wp-json\/wp\/v2\/posts\/2463","targetHints":{"allow":["GET"]}}],"collection":[{"href":"https:\/\/blogdoedvaldomagalhaes.com.br\/index.php\/wp-json\/wp\/v2\/posts"}],"about":[{"href":"https:\/\/blogdoedvaldomagalhaes.com.br\/index.php\/wp-json\/wp\/v2\/types\/post"}],"author":[{"embeddable":true,"href":"https:\/\/blogdoedvaldomagalhaes.com.br\/index.php\/wp-json\/wp\/v2\/users\/1"}],"replies":[{"embeddable":true,"href":"https:\/\/blogdoedvaldomagalhaes.com.br\/index.php\/wp-json\/wp\/v2\/comments?post=2463"}],"version-history":[{"count":1,"href":"https:\/\/blogdoedvaldomagalhaes.com.br\/index.php\/wp-json\/wp\/v2\/posts\/2463\/revisions"}],"predecessor-version":[{"id":30668,"href":"https:\/\/blogdoedvaldomagalhaes.com.br\/index.php\/wp-json\/wp\/v2\/posts\/2463\/revisions\/30668"}],"wp:attachment":[{"href":"https:\/\/blogdoedvaldomagalhaes.com.br\/index.php\/wp-json\/wp\/v2\/media?parent=2463"}],"wp:term":[{"taxonomy":"category","embeddable":true,"href":"https:\/\/blogdoedvaldomagalhaes.com.br\/index.php\/wp-json\/wp\/v2\/categories?post=2463"},{"taxonomy":"post_tag","embeddable":true,"href":"https:\/\/blogdoedvaldomagalhaes.com.br\/index.php\/wp-json\/wp\/v2\/tags?post=2463"}],"curies":[{"name":"wp","href":"https:\/\/api.w.org\/{rel}","templated":true}]}}