{"id":2462,"date":"2018-05-12T16:56:00","date_gmt":"2018-05-12T19:56:00","guid":{"rendered":"http:\/\/blogdoedvaldomagalhaes.com.br\/index.php\/2018\/05\/12\/brasileirao-2018-seis-equipes\/"},"modified":"2019-02-09T02:13:28","modified_gmt":"2019-02-09T04:13:28","slug":"brasileirao-2018-seis-equipes","status":"publish","type":"post","link":"https:\/\/blogdoedvaldomagalhaes.com.br\/index.php\/2018\/05\/12\/brasileirao-2018-seis-equipes\/","title":{"rendered":"Brasileir\u00e3o 2018: Seis equipes pernambucanas entram em campo neste fim de semana"},"content":{"rendered":"<div class=\"separator\" style=\"clear: both; text-align: center;\">\n<a href=\"https:\/\/3.bp.blogspot.com\/-RH5FOPILELI\/WvccW4aIe1I\/AAAAAAAAw8Q\/32f--bRoYoQ9t64SzR4dgnhMoex8k_b1wCLcBGAs\/s1600\/campo.jpg\" imageanchor=\"1\" style=\"margin-left: 1em; margin-right: 1em;\"><img loading=\"lazy\" decoding=\"async\" border=\"0\" data-original-height=\"829\" data-original-width=\"1024\" height=\"512\" src=\"http:\/\/blogdoedvaldomagalhaes.com.br\/wp-content\/uploads\/2018\/05\/campo.jpg\" width=\"640\" \/><\/a><\/div>\n<div class=\"separator\" style=\"clear: both; text-align: center;\">\nFoto do Lacerd\u00e3o\/Assessoria do Central<\/div>\n<div style=\"background-color: white; box-sizing: border-box; line-height: 24px; margin-bottom: 10px; text-align: justify;\">\n<\/div>\n<div style=\"background-color: white; box-sizing: border-box; line-height: 24px; margin-bottom: 10px; text-align: justify;\">\nSeis equipes pernambucanas entram em campo, neste fim de semana, para disputar o Campeonato Brasileiro 2018 nas S\u00e9ries A, C e D. Nos gramados, Salgueiro, Central, Belo Jardim, Flamengo de Arcoverde, Santa Cruz, N\u00e1utico e Sport.<\/div>\n<div style=\"background-color: white; box-sizing: border-box; line-height: 24px; margin-bottom: 10px; text-align: justify;\">\n<strong style=\"box-sizing: border-box;\">S\u00e9rie A<\/strong><\/div>\n<div style=\"background-color: white; box-sizing: border-box; line-height: 24px; margin-bottom: 10px; text-align: justify;\">\nNeste domingo (13), o Sport vai at\u00e9 Minas Gerais para o jogo contra Cruzeiro, \u00e0s 11h. O Le\u00e3o vai empolgado para o jogo, ap\u00f3s a sequ\u00eancia de duas vit\u00f3rias consecutivas. O Cruzeiro tamb\u00e9m vem de uma vit\u00f3ria contra o Botafogo e vai em busca dos tr\u00eas pontos nessa rodada. O Sport \u00e9 o 8\u00ba colocado na tabela de classifica\u00e7\u00e3o com sete pontos. A Raposa est\u00e1 na 14\u00aa posi\u00e7\u00e3o com quatro pontos.<\/div>\n<div style=\"background-color: white; box-sizing: border-box; line-height: 24px; margin-bottom: 10px; text-align: justify;\">\n<strong style=\"box-sizing: border-box;\">S\u00e9rie C<\/strong><\/div>\n<div style=\"background-color: white; box-sizing: border-box; line-height: 24px; margin-bottom: 10px; text-align: justify;\">\nPela S\u00e9rie C, o N\u00e1utico recebe o Salgueiro, neste s\u00e1bado (12), na Arena de Pernambuco, \u00e0s 19h. As duas equipes precisam da vit\u00f3ria para sair das \u00faltimas coloca\u00e7\u00f5es na tabela de classifica\u00e7\u00e3o. O Timbu e o Carcar\u00e1 ainda n\u00e3o conseguiram vencer na competi\u00e7\u00e3o nacional.<\/div>\n<div style=\"background-color: white; box-sizing: border-box; line-height: 24px; margin-bottom: 10px; text-align: justify;\">\nO Santa Cruz vai encarar o Globo, \u00e0s 21h15. O Tricolor vem de um empate contra o Remo e busca o triunfo para subir de posi\u00e7\u00e3o na tabela. No momento, a Cobra Coral \u00e9 a 6\u00aa colocada do Grupo A. Seu advers\u00e1rio est\u00e1 na 8\u00aa posi\u00e7\u00e3o com quatro pontos conquistados.<\/div>\n<div style=\"background-color: white; box-sizing: border-box; line-height: 24px; margin-bottom: 10px; text-align: justify;\">\n<strong style=\"box-sizing: border-box;\">S\u00e9rie D<\/strong><\/div>\n<div style=\"background-color: white; box-sizing: border-box; line-height: 24px; margin-bottom: 10px; text-align: justify;\">\nO Belo Jardim encara o Am\u00e9rica-RN, neste domingo (13), \u00e0s 16h, na Arena das Dunas. O Calango busca a sua primeira vit\u00f3ria na competi\u00e7\u00e3o. At\u00e9 o momento foram tr\u00eas jogos e tr\u00eas empates. Os resultados deixam o Calango na 2\u00aa posi\u00e7\u00e3o do Grupo A6. J\u00e1 o Am\u00e9rica-RN \u00e9 o l\u00edder do grupo com cinco pontos.<\/div>\n<div style=\"background-color: white; box-sizing: border-box; line-height: 24px; margin-bottom: 10px; text-align: justify;\">\nPelo Grupo A7, o Central recebe o ASA, no Lacerd\u00e3o, \u00e0s 16h. A equipe caruaruense vai tentar a sua primeira vit\u00f3ria. Esse ser\u00e1 o segundo jogo do Central dentro de casa e a diretoria alvinegra conta com o apoio da torcida na busca pelos tr\u00eas pontos no campeonato.<\/div>\n<div style=\"background-color: white; box-sizing: border-box; line-height: 24px; margin-bottom: 10px; text-align: justify;\">\n<strong style=\"box-sizing: border-box;\">Ingressos<\/strong><\/div>\n<div style=\"background-color: white; box-sizing: border-box; line-height: 24px; margin-bottom: 10px; text-align: justify;\">\nOs ingressos arquibancada v\u00e3o custar 30 reais. S\u00f3cios, estudantes e idosos pagam meia-entrada. O valor para as cadeiras ser\u00e1 40 reais para o torcedor comum e 20 reais para s\u00f3cios.<\/div>\n<div style=\"background-color: white; box-sizing: border-box; line-height: 24px; margin-bottom: 10px; text-align: justify;\">\nFechando a rodada, o Flamengo de Arcoverde ter\u00e1 a dif\u00edcil miss\u00e3o de vencer o Campinense, no Amig\u00e3o. O jogo est\u00e1 marcado para 16h. O clube paraibano \u00e9 o l\u00edder do Grupo A8 e ainda n\u00e3o perdeu na competi\u00e7\u00e3o.<\/div>\n<div style=\"background-color: white; box-sizing: border-box; line-height: 24px; margin-bottom: 10px; text-align: justify;\">\n<b>Informa\u00e7\u00f5es de Helenivaldo Pereira\/R\u00e1dio Liberdade.<\/b><\/div>\n<p><\/p>\n<div class=\"sharedaddy sd-sharing-enabled\" style=\"background-color: white; box-sizing: border-box; clear: both;\">\n<\/div>\n<p><\/p>\n<div style=\"-webkit-text-stroke-width: 0px; background-color: white; box-sizing: border-box; font-style: normal; font-variant-caps: normal; font-variant-ligatures: normal; font-weight: 400; letter-spacing: normal; line-height: 24px; margin: 0px 0px 10px; orphans: 2; text-align: justify; text-decoration-color: initial; text-decoration-style: initial; text-indent: 0px; text-transform: none; white-space: normal; widows: 2; word-spacing: 0px;\">\n<\/div>\n","protected":false},"excerpt":{"rendered":"<p>Foto do Lacerd\u00e3o\/Assessoria do Central Seis equipes pernambucanas entram em campo, neste fim de semana, para disputar o Campeonato Brasileiro&hellip;<\/p>\n","protected":false},"author":1,"featured_media":0,"comment_status":"open","ping_status":"open","sticky":false,"template":"","format":"standard","meta":{"footnotes":""},"categories":[1],"tags":[2,2660,3],"class_list":["post-2462","post","type-post","status-publish","format-standard","hentry","category-sem-categoria","tag-blog-do-edvaldo-magalhaes","tag-brasileirao-2018-seis-equipes-pernambucanas-entram-em-campo-neste-fim-de-semana","tag-futebol"],"_links":{"self":[{"href":"https:\/\/blogdoedvaldomagalhaes.com.br\/index.php\/wp-json\/wp\/v2\/posts\/2462","targetHints":{"allow":["GET"]}}],"collection":[{"href":"https:\/\/blogdoedvaldomagalhaes.com.br\/index.php\/wp-json\/wp\/v2\/posts"}],"about":[{"href":"https:\/\/blogdoedvaldomagalhaes.com.br\/index.php\/wp-json\/wp\/v2\/types\/post"}],"author":[{"embeddable":true,"href":"https:\/\/blogdoedvaldomagalhaes.com.br\/index.php\/wp-json\/wp\/v2\/users\/1"}],"replies":[{"embeddable":true,"href":"https:\/\/blogdoedvaldomagalhaes.com.br\/index.php\/wp-json\/wp\/v2\/comments?post=2462"}],"version-history":[{"count":1,"href":"https:\/\/blogdoedvaldomagalhaes.com.br\/index.php\/wp-json\/wp\/v2\/posts\/2462\/revisions"}],"predecessor-version":[{"id":30670,"href":"https:\/\/blogdoedvaldomagalhaes.com.br\/index.php\/wp-json\/wp\/v2\/posts\/2462\/revisions\/30670"}],"wp:attachment":[{"href":"https:\/\/blogdoedvaldomagalhaes.com.br\/index.php\/wp-json\/wp\/v2\/media?parent=2462"}],"wp:term":[{"taxonomy":"category","embeddable":true,"href":"https:\/\/blogdoedvaldomagalhaes.com.br\/index.php\/wp-json\/wp\/v2\/categories?post=2462"},{"taxonomy":"post_tag","embeddable":true,"href":"https:\/\/blogdoedvaldomagalhaes.com.br\/index.php\/wp-json\/wp\/v2\/tags?post=2462"}],"curies":[{"name":"wp","href":"https:\/\/api.w.org\/{rel}","templated":true}]}}