{"id":2461,"date":"2018-05-12T22:52:00","date_gmt":"2018-05-13T01:52:00","guid":{"rendered":"http:\/\/blogdoedvaldomagalhaes.com.br\/index.php\/2018\/05\/12\/crianca-de-tres-anos-e-encontrada\/"},"modified":"2019-02-09T02:13:29","modified_gmt":"2019-02-09T04:13:29","slug":"crianca-de-tres-anos-e-encontrada","status":"publish","type":"post","link":"https:\/\/blogdoedvaldomagalhaes.com.br\/index.php\/2018\/05\/12\/crianca-de-tres-anos-e-encontrada\/","title":{"rendered":"Crian\u00e7a de tr\u00eas anos \u00e9 encontrada sozinha na BR-232 em S\u00e3o Caetano"},"content":{"rendered":"<div class=\"separator\" style=\"clear: both; text-align: center;\">\n<a href=\"https:\/\/3.bp.blogspot.com\/-qCaDxmWTau8\/WvdwD5f00lI\/AAAAAAAAw-s\/jA1fJhV_MQkywT4iSQTX_5oYUIx-jiuJACLcBGAs\/s1600\/prf.jpg\" imageanchor=\"1\" style=\"margin-left: 1em; margin-right: 1em;\"><img loading=\"lazy\" decoding=\"async\" border=\"0\" data-original-height=\"375\" data-original-width=\"500\" height=\"480\" src=\"http:\/\/blogdoedvaldomagalhaes.com.br\/wp-content\/uploads\/2018\/05\/prf-1.jpg\" width=\"640\" \/><\/a><\/div>\n<div class=\"separator\" style=\"clear: both; text-align: center;\">\nFoto: PRF\/Divulga\u00e7\u00e3o<\/div>\n<div style=\"background-color: white; box-sizing: border-box; line-height: 24px; margin-bottom: 10px; text-align: justify;\">\n<\/div>\n<div style=\"background-color: white; box-sizing: border-box; line-height: 24px; margin-bottom: 10px; text-align: justify;\">\nUm menino de tr\u00eas anos&nbsp;&nbsp; foi encontrado neste s\u00e1bado (12) pela Pol\u00edcia Rodovi\u00e1ria Federal&nbsp; (PRF), na BR 232, em S\u00e3o&nbsp; Caetano, Agreste de Pernambuco. A crian\u00e7a estava andando sozinha \u00e0s margens da rodovia, no momento em que foi localizada.<\/div>\n<div style=\"background-color: white; box-sizing: border-box; line-height: 24px; margin-bottom: 10px; text-align: justify;\">\nDurante o atendimento a um motorista no quil\u00f4metro 145 da rodovia, os policiais observaram uma crian\u00e7a perambulando pelo posto da PRF. Como n\u00e3o havia ningu\u00e9m por perto, foi acionado o Conselho Tutelar.<\/div>\n<div style=\"background-color: white; box-sizing: border-box; line-height: 24px; margin-bottom: 10px; text-align: justify;\">\nAlgum tempo depois, o pai do menino apareceu e informou que n\u00e3o&nbsp; percebeu quando ele saiu de casa, que fica em um loteamento pr\u00f3ximo da rodovia. O homem disse que estava realizando um servi\u00e7o de constru\u00e7\u00e3o, enquanto a m\u00e3e estava cozinhando, no momento em que o filho sumiu.<\/div>\n<div style=\"background-color: white; box-sizing: border-box; line-height: 24px; margin-bottom: 10px; text-align: justify;\">\nO menino n\u00e3o apresentava ferimentos, mas havia atravessado sozinho a rodovia para chegar ao posto. Ele foi encaminhado junto com o pai ao Conselho Tutelar de S\u00e3o Caetano, que ir\u00e1 acompanhar as condi\u00e7\u00f5es de vida da fam\u00edlia.<\/div>\n<div style=\"background-color: white; box-sizing: border-box; line-height: 24px; margin-bottom: 10px; text-align: justify;\">\nFonte: R\u00e1dio Liberdade.<\/div>\n","protected":false},"excerpt":{"rendered":"<p>Foto: PRF\/Divulga\u00e7\u00e3o Um menino de tr\u00eas anos&nbsp;&nbsp; foi encontrado neste s\u00e1bado (12) pela Pol\u00edcia Rodovi\u00e1ria Federal&nbsp; (PRF), na BR 232,&hellip;<\/p>\n","protected":false},"author":1,"featured_media":0,"comment_status":"open","ping_status":"open","sticky":false,"template":"","format":"standard","meta":{"footnotes":""},"categories":[1],"tags":[2,2658,2659,6],"class_list":["post-2461","post","type-post","status-publish","format-standard","hentry","category-sem-categoria","tag-blog-do-edvaldo-magalhaes","tag-crianca-de-tres-anos-e-encontrada-sozinha-na-br-232","tag-em-sao-caetano","tag-noticias"],"_links":{"self":[{"href":"https:\/\/blogdoedvaldomagalhaes.com.br\/index.php\/wp-json\/wp\/v2\/posts\/2461","targetHints":{"allow":["GET"]}}],"collection":[{"href":"https:\/\/blogdoedvaldomagalhaes.com.br\/index.php\/wp-json\/wp\/v2\/posts"}],"about":[{"href":"https:\/\/blogdoedvaldomagalhaes.com.br\/index.php\/wp-json\/wp\/v2\/types\/post"}],"author":[{"embeddable":true,"href":"https:\/\/blogdoedvaldomagalhaes.com.br\/index.php\/wp-json\/wp\/v2\/users\/1"}],"replies":[{"embeddable":true,"href":"https:\/\/blogdoedvaldomagalhaes.com.br\/index.php\/wp-json\/wp\/v2\/comments?post=2461"}],"version-history":[{"count":1,"href":"https:\/\/blogdoedvaldomagalhaes.com.br\/index.php\/wp-json\/wp\/v2\/posts\/2461\/revisions"}],"predecessor-version":[{"id":30672,"href":"https:\/\/blogdoedvaldomagalhaes.com.br\/index.php\/wp-json\/wp\/v2\/posts\/2461\/revisions\/30672"}],"wp:attachment":[{"href":"https:\/\/blogdoedvaldomagalhaes.com.br\/index.php\/wp-json\/wp\/v2\/media?parent=2461"}],"wp:term":[{"taxonomy":"category","embeddable":true,"href":"https:\/\/blogdoedvaldomagalhaes.com.br\/index.php\/wp-json\/wp\/v2\/categories?post=2461"},{"taxonomy":"post_tag","embeddable":true,"href":"https:\/\/blogdoedvaldomagalhaes.com.br\/index.php\/wp-json\/wp\/v2\/tags?post=2461"}],"curies":[{"name":"wp","href":"https:\/\/api.w.org\/{rel}","templated":true}]}}