{"id":246,"date":"2019-01-11T15:34:00","date_gmt":"2019-01-11T17:34:00","guid":{"rendered":"http:\/\/blogdoedvaldomagalhaes.com.br\/index.php\/2019\/01\/11\/funase-caruaru-realiza-programacao-de\/"},"modified":"2019-02-09T02:49:03","modified_gmt":"2019-02-09T04:49:03","slug":"funase-caruaru-realiza-programacao-de","status":"publish","type":"post","link":"https:\/\/blogdoedvaldomagalhaes.com.br\/index.php\/2019\/01\/11\/funase-caruaru-realiza-programacao-de\/","title":{"rendered":"Funase Caruaru realiza programa\u00e7\u00e3o de lazer no per\u00edodo de f\u00e9rias escolares"},"content":{"rendered":"<div class=\"separator\" style=\"clear: both; text-align: center;\">\n<a href=\"https:\/\/2.bp.blogspot.com\/-pJXum1u2PaU\/XDi3ZJ6NyhI\/AAAAAAABA9E\/nLMM6O9R8TU-9GYxZt_TWL-UmZTjkUSIgCLcBGAs\/s1600\/IMG-20190111-WA0021.jpg\" imageanchor=\"1\" style=\"margin-left: 1em; margin-right: 1em;\"><img loading=\"lazy\" decoding=\"async\" border=\"0\" data-original-height=\"913\" data-original-width=\"905\" height=\"640\" src=\"http:\/\/blogdoedvaldomagalhaes.com.br\/wp-content\/uploads\/2019\/01\/IMG-20190111-WA0021.jpg\" width=\"634\" \/><\/a><\/div>\n<div class=\"separator\" style=\"clear: both; text-align: center;\">\nFoto: Divulga\u00e7\u00e3o<\/div>\n<div style=\"text-align: justify;\">\nA\u00e7\u00f5es culturais e de sa\u00fade voltadas \u00e0 integra\u00e7\u00e3o de adolescentes, familiares e funcion\u00e1rios tamb\u00e9m foram planejadas.<\/div>\n<div style=\"text-align: justify;\">\n<\/div>\n<div style=\"text-align: justify;\">\nO Centro de Atendimento Socioeducativo (Case) Caruaru, no Agreste de Pernambuco, est\u00e1 recebendo uma programa\u00e7\u00e3o especial ao longo de janeiro, m\u00eas de f\u00e9rias escolares dos adolescentes e jovens atendidos. Houve refor\u00e7o nas a\u00e7\u00f5es de cultura e lazer, nos atendimentos das equipes t\u00e9cnicas e nas atividades que integram socioeducandos, seus familiares e agentes socioeducativos que atuam na institui\u00e7\u00e3o. A unidade de interna\u00e7\u00e3o \u00e9 administrada pela Funda\u00e7\u00e3o de Atendimento Socioeducativo (Funase).<\/div>\n<div style=\"text-align: justify;\">\n<\/div>\n<div style=\"text-align: justify;\">\nNesta semana, ocorreu o Cine Case, com a exibi\u00e7\u00e3o do filme \u201cMinha M\u00e3e \u00e9 uma Pe\u00e7a\u201d (2013). A atividade reuniu lazer e um momento de reflex\u00e3o com os adolescentes sobre o conte\u00fado assistido. Na quinta-feira (10), foi exibido outro longa. Al\u00e9m disso, tamb\u00e9m j\u00e1 foram realizadas a primeira reuni\u00e3o do ano do Grupo de Orienta\u00e7\u00e3o sobre Drogas (GOD) para as fam\u00edlias dos socioeducandos e a segunda com agentes socioeducativos. Nas a\u00e7\u00f5es, s\u00e3o abordados temas relativos \u00e0 pol\u00edtica de redu\u00e7\u00e3o de danos, ao contexto social e \u00e0 constru\u00e7\u00e3o de novos projetos de vida, al\u00e9m de explana\u00e7\u00f5es sobre os efeitos de diversas drogas.<\/div>\n<div style=\"text-align: justify;\">\n<\/div>\n<div style=\"text-align: justify;\">\nDe acordo com o coordenador geral do Case Caruaru, M\u00e1rcio Oliveira, a constru\u00e7\u00e3o da programa\u00e7\u00e3o de f\u00e9rias ocorreu com o objetivo de refor\u00e7ar a\u00e7\u00f5es que proporcionem a conviv\u00eancia, a divers\u00e3o e a reflex\u00e3o entre os adolescentes. \u201cEstamos com uma programa\u00e7\u00e3o intensiva de atendimentos da equipe e atividades diversas, de modo a possibilitar um ambiente de maior emancipa\u00e7\u00e3o\u201d, destacou.<\/div>\n<div style=\"text-align: justify;\">\n<\/div>\n<div style=\"text-align: justify;\">\n<b>CENIP \u2013<\/b> No Centro de Interna\u00e7\u00e3o Provis\u00f3ria (Cenip) Caruaru, outra unidade administrada pela Funase, tamb\u00e9m est\u00e3o sendo promovidas a\u00e7\u00f5es diversificadas em janeiro. Nesta sexta-feira (11), por exemplo, ser\u00e1 realizado o Cine ASE, com o objetivo de proporcionar um momento de reflex\u00e3o com os adolescentes ap\u00f3s o grupo assistir a um filme. J\u00e1 na pr\u00f3xima ter\u00e7a-feira (15), haver\u00e1 o evento \u201cO Cenip na promo\u00e7\u00e3o da cultura de paz\u201d, com o intuito de difundir pr\u00e1ticas de n\u00e3o viol\u00eancia e fortalecer la\u00e7os.<\/div>\n<div style=\"text-align: justify;\">\n<\/div>\n<div style=\"text-align: justify;\">\nInforma\u00e7\u00f5es: Henrique Figueir\u00f4a\/Assessoria de imprensa.<\/div>\n<div style=\"text-align: justify;\">\n<\/div>\n","protected":false},"excerpt":{"rendered":"<p>Foto: Divulga\u00e7\u00e3o A\u00e7\u00f5es culturais e de sa\u00fade voltadas \u00e0 integra\u00e7\u00e3o de adolescentes, familiares e funcion\u00e1rios tamb\u00e9m foram planejadas. O Centro&hellip;<\/p>\n","protected":false},"author":1,"featured_media":0,"comment_status":"open","ping_status":"open","sticky":false,"template":"","format":"standard","meta":{"footnotes":""},"categories":[1],"tags":[2,253,6],"class_list":["post-246","post","type-post","status-publish","format-standard","hentry","category-sem-categoria","tag-blog-do-edvaldo-magalhaes","tag-funase-caruaru-realiza-programacao-de-lazer-no-periodo-de-ferias-escolares","tag-noticias"],"_links":{"self":[{"href":"https:\/\/blogdoedvaldomagalhaes.com.br\/index.php\/wp-json\/wp\/v2\/posts\/246","targetHints":{"allow":["GET"]}}],"collection":[{"href":"https:\/\/blogdoedvaldomagalhaes.com.br\/index.php\/wp-json\/wp\/v2\/posts"}],"about":[{"href":"https:\/\/blogdoedvaldomagalhaes.com.br\/index.php\/wp-json\/wp\/v2\/types\/post"}],"author":[{"embeddable":true,"href":"https:\/\/blogdoedvaldomagalhaes.com.br\/index.php\/wp-json\/wp\/v2\/users\/1"}],"replies":[{"embeddable":true,"href":"https:\/\/blogdoedvaldomagalhaes.com.br\/index.php\/wp-json\/wp\/v2\/comments?post=246"}],"version-history":[{"count":1,"href":"https:\/\/blogdoedvaldomagalhaes.com.br\/index.php\/wp-json\/wp\/v2\/posts\/246\/revisions"}],"predecessor-version":[{"id":37391,"href":"https:\/\/blogdoedvaldomagalhaes.com.br\/index.php\/wp-json\/wp\/v2\/posts\/246\/revisions\/37391"}],"wp:attachment":[{"href":"https:\/\/blogdoedvaldomagalhaes.com.br\/index.php\/wp-json\/wp\/v2\/media?parent=246"}],"wp:term":[{"taxonomy":"category","embeddable":true,"href":"https:\/\/blogdoedvaldomagalhaes.com.br\/index.php\/wp-json\/wp\/v2\/categories?post=246"},{"taxonomy":"post_tag","embeddable":true,"href":"https:\/\/blogdoedvaldomagalhaes.com.br\/index.php\/wp-json\/wp\/v2\/tags?post=246"}],"curies":[{"name":"wp","href":"https:\/\/api.w.org\/{rel}","templated":true}]}}